{"id":4781,"date":"2024-11-10T12:50:57","date_gmt":"2024-11-10T16:50:57","guid":{"rendered":"https:\/\/agromt.news\/?p=4781"},"modified":"2024-11-10T12:50:57","modified_gmt":"2024-11-10T16:50:57","slug":"estudo-mostra-que-perda-de-nascentes-e-assoreamento-de-rios-ameaca-areas-rurais-paranaenses","status":"publish","type":"post","link":"https:\/\/agromt.news\/?p=4781","title":{"rendered":"Estudo mostra que perda de nascentes e assoreamento de rios amea\u00e7a \u00e1reas rurais paranaenses"},"content":{"rendered":"<p> <br \/>\n<\/p>\n<div>\n<p>Estudo t\u00e9cnico-cient\u00edfico realizado pela <a href=\"https:\/\/www.canalrural.com.br\/tag\/embrapa\/\">Embrapa<\/a> mostra perda alarmante de nascentes e assoreamento de rios na regi\u00e3o rural da Bacia Hidrogr\u00e1fica Paran\u00e1 III (BHP III), no oeste do estado. <\/p>\n<p>As an\u00e1lises consideraram caracteriza\u00e7\u00e3o de solos e clima, vegeta\u00e7\u00e3o fluvial, geologia e processos erosivos, entre outros, e resultaram na publica\u00e7\u00e3o \u201cAnais da 1\u00aa Reuni\u00e3o de Correla\u00e7\u00e3o e Classifica\u00e7\u00e3o de Solos e Vegeta\u00e7\u00e3o Fluvial (RCCSV)\u201d.<\/p>\n<p>O documento traz um cap\u00edtulo com indicativos in\u00e9ditos para orientar pol\u00edticas p\u00fablicas e tomadas de decis\u00e3o voltadas, principalmente, ao uso de pr\u00e1ticas mais sustent\u00e1veis de manejo do solo, vegeta\u00e7\u00e3o e \u00e1gua na regi\u00e3o.<\/p>\n<h2 class=\"wp-block-heading\" id=\"h-producao-agropecuaria-e-o-meio-ambiente\">Produ\u00e7\u00e3o agropecu\u00e1ria e o meio ambiente<\/h2>\n<p>Segundo a pesquisadora da Embrapa Florestas Annete Bonnet, que fez parte do grupo coordenador do estudo, os resultados demonstram a necessidade da gest\u00e3o mais integrada dos recursos naturais e o desenvolvimento premente de a\u00e7\u00f5es que harmonizem a produ\u00e7\u00e3o agropecu\u00e1ria e a preserva\u00e7\u00e3o ambiental.<\/p>\n<p><a href=\"https:\/\/www.embrapa.br\/documents\/10180\/86473972\/241105_Pol%C3%ADticasP%C3%BAblicasPR_Francisco_Mainardes_vertical.jpg\/665de8b8-bf34-b679-3d74-9e6c18028095?t=1730692328450\" target=\"_blank\" rel=\"noreferrer noopener\">A perda de nascentes e o assoreamento de rios s\u00e3o provocados, entre outros fatores, por pr\u00e1ticas de manejo inadequadas aplicadas \u00e0 agropecu\u00e1ria, urbaniza\u00e7\u00e3o desordenada e desmatamento. <\/p>\n<p>Essas constata\u00e7\u00f5es tiveram como base os resultados do PronaSolos Paran\u00e1 (levantamento dos solos paranaenses) e do projeto A\u00e7\u00e3o Integrada de Solo e \u00c1gua (AISA), al\u00e9m de apura\u00e7\u00f5es de pesquisas desenvolvidas pela <a href=\"https:\/\/www.canalrural.com.br\/tag\/embrapa-soja\/\">Embrapa Soja<\/a> e o <a href=\"https:\/\/www.canalrural.com.br\/tag\/idr-parana\/\">IDR-PR<\/a>.<\/p>\n<h2 class=\"wp-block-heading\" id=\"h-estudo-destaca-os-impactos-da-erosao\">Estudo destaca os impactos da eros\u00e3o<\/h2>\n<figure class=\"wp-block-image size-full\"><img fetchpriority=\"high\" decoding=\"async\" width=\"640\" height=\"480\" alt=\"eros\u00e3o, terra, vo\u00e7oroca, solo\" class=\"wp-image-170893\"  data-lazy- src=\"https:\/\/agromt.news\/wp-content\/uploads\/2024\/11\/Estudo-mostra-que-perda-de-nascentes-e-assoreamento-de-rios.jpg\"\/><img decoding=\"async\" width=\"640\" height=\"480\" src=\"https:\/\/agromt.news\/wp-content\/uploads\/2024\/11\/Estudo-mostra-que-perda-de-nascentes-e-assoreamento-de-rios.jpg\" alt=\"eros\u00e3o, terra, vo\u00e7oroca, solo\" class=\"wp-image-170893\"  \/><figcaption class=\"wp-element-caption\">Foto: Luiz Magnante\/ Embrapa Trigo<\/figcaption><\/figure>\n<p>A eros\u00e3o do solo, por exemplo, n\u00e3o degrada apenas a terra, mas tamb\u00e9m compromete a qualidade da \u00e1gua dos rios e lagos. <\/p>\n<p>De acordo com o pesquisador da Embrapa Florestas Gustavo Curcio, que tamb\u00e9m \u00e9 um dos coordenadores do RCCSV, um cen\u00e1rio de aumento da escassez h\u00eddrica impactaria profundamente a sustentabilidade dos ecossistemas e a qualidade de vida das popula\u00e7\u00f5es, bem como as atividades de produ\u00e7\u00e3o agr\u00edcola, um dos pilares da economia do estado.<\/p>\n<\/div>\n<div>\n<p>O estudo apresenta os principais desafios para o manejo sustent\u00e1vel dos solos na regi\u00e3o, como a eros\u00e3o, a compacta\u00e7\u00e3o e a perda de mat\u00e9ria org\u00e2nica. Contudo, paralelamente, apresenta oportunidades para melhorar as pr\u00e1ticas agr\u00edcolas e aumentar a produtividade de forma sustent\u00e1vel, como:<\/p>\n<ul class=\"wp-block-list\">\n<li>Rota\u00e7\u00e3o de culturas com o emprego de pr\u00e1ticas agron\u00f4micas; <\/li>\n<\/ul>\n<ul class=\"wp-block-list\">\n<li>Uso de coberturas vegetais; e <\/li>\n<\/ul>\n<ul class=\"wp-block-list\">\n<li>Manejo integrado de pragas e doen\u00e7as <\/li>\n<\/ul>\n<p>De acordo com os pesquisadores, essas s\u00e3o algumas das pr\u00e1ticas que contribuem para a melhoria da qualidade do solo e a redu\u00e7\u00e3o dos impactos ambientais.<\/p>\n<p>O secret\u00e1rio de estado de Desenvolvimento Sustent\u00e1vel do Paran\u00e1, Valdemar Bernardo Jorge, um dos integrantes do grupo t\u00e9cnico, exalta os resultados trazidos pela publica\u00e7\u00e3o. <\/p>\n<p>\u201cEsperamos que esse documento seja uma fonte de conhecimento e de inspira\u00e7\u00e3o para todos os que se interessam pelo desenvolvimento sustent\u00e1vel da BHP III, contribuindo para a valoriza\u00e7\u00e3o e a prote\u00e7\u00e3o dessa regi\u00e3o que \u00e9 uma das principais propulsoras econ\u00f4micas do estado do Paran\u00e1\u201d, afirma.<\/p>\n<p><em>*Sob supervis\u00e3o de Victor Faverin<\/em><\/p>\n<hr class=\"wp-block-separator has-alpha-channel-opacity\"\/>\n<p><em>Saiba em primeira m\u00e3o informa\u00e7\u00f5es sobre agricultura, pecu\u00e1ria, economia e previs\u00e3o do tempo. <a href=\"https:\/\/news.google.com\/publications\/CAAqBwgKMPKZlQswq_mqAw?ceid=BR:pt-419&amp;oc=3&amp;hl=pt-BR&amp;gl=BR\"><strong>Siga o Canal Rural no Google News<\/strong><\/a>.<\/em>\n\t<\/div>\n<p><br \/>\n<br \/><a href=\"https:\/\/www.canalrural.com.br\/sustentabilidade\/estudo-mostra-que-perda-de-nascentes-e-assoreamento-de-rios-ameaca-areas-rurais-paranaenses\/\">Source link <\/a><\/p>\n","protected":false},"excerpt":{"rendered":"<p>Estudo t\u00e9cnico-cient\u00edfico realizado pela Embrapa mostra perda alarmante de nascentes e assoreamento de rios na regi\u00e3o rural da Bacia Hidrogr\u00e1fica<\/p>\n","protected":false},"author":1,"featured_media":4782,"comment_status":"open","ping_status":"open","sticky":false,"template":"","format":"standard","meta":{"_monsterinsights_skip_tracking":false,"_monsterinsights_sitenote_active":false,"_monsterinsights_sitenote_note":"","_monsterinsights_sitenote_category":0,"_uf_show_specific_survey":0,"_uf_disable_surveys":false,"footnotes":""},"categories":[1],"tags":[],"class_list":["post-4781","post","type-post","status-publish","format-standard","has-post-thumbnail","hentry","category-news"],"_links":{"self":[{"href":"https:\/\/agromt.news\/index.php?rest_route=\/wp\/v2\/posts\/4781"}],"collection":[{"href":"https:\/\/agromt.news\/index.php?rest_route=\/wp\/v2\/posts"}],"about":[{"href":"https:\/\/agromt.news\/index.php?rest_route=\/wp\/v2\/types\/post"}],"author":[{"embeddable":true,"href":"https:\/\/agromt.news\/index.php?rest_route=\/wp\/v2\/users\/1"}],"replies":[{"embeddable":true,"href":"https:\/\/agromt.news\/index.php?rest_route=%2Fwp%2Fv2%2Fcomments&post=4781"}],"version-history":[{"count":0,"href":"https:\/\/agromt.news\/index.php?rest_route=\/wp\/v2\/posts\/4781\/revisions"}],"wp:featuredmedia":[{"embeddable":true,"href":"https:\/\/agromt.news\/index.php?rest_route=\/wp\/v2\/media\/4782"}],"wp:attachment":[{"href":"https:\/\/agromt.news\/index.php?rest_route=%2Fwp%2Fv2%2Fmedia&parent=4781"}],"wp:term":[{"taxonomy":"category","embeddable":true,"href":"https:\/\/agromt.news\/index.php?rest_route=%2Fwp%2Fv2%2Fcategories&post=4781"},{"taxonomy":"post_tag","embeddable":true,"href":"https:\/\/agromt.news\/index.php?rest_route=%2Fwp%2Fv2%2Ftags&post=4781"}],"curies":[{"name":"wp","href":"https:\/\/api.w.org\/{rel}","templated":true}]}}