{"id":4765,"date":"2024-11-10T03:17:55","date_gmt":"2024-11-10T07:17:55","guid":{"rendered":"https:\/\/agromt.news\/?p=4765"},"modified":"2024-11-10T03:17:55","modified_gmt":"2024-11-10T07:17:55","slug":"precos-do-trigo-e-oleo-de-palma-sobem-em-outubro","status":"publish","type":"post","link":"https:\/\/agromt.news\/?p=4765","title":{"rendered":"Pre\u00e7os do trigo e \u00f3leo de palma sobem em outubro"},"content":{"rendered":"<p> <br \/>\n<\/p>\n<div>\n<div class=\"row\">\n<div class=\"col-lg col-infos mt-3 mt-lg-0\">\n<div class=\"section-sub-title\">\n<p itemprop=\"description\">&#13;<br \/>\n                                Os pre\u00e7os globais dos \u00f3leos de girassol e colza tamb\u00e9m seguiram em alta&#13;\n                            <\/p>\n<\/p><\/div>\n<div class=\"container\">\n<div class=\"row\">\n<div class=\"col-lg p-0\">\n<div>\n<div class=\"block-news-main-infos mt-3 text-start\">\n<p>                                            <strong class=\"fn\" itemprop=\"author\" style=\"color: rgb(112, 112, 112); \">&#13;<br \/>\n                                                <a href=\"https:\/\/www.agrolink.com.br\/noticias\/javascript:;\" class=\"text-uppercase\" target=\"_blank\" style=\"color: rgb(112, 112, 112); \" rel=\"noopener\">Agrolink<\/a>&#13;<br \/>\n&#13;<br \/>\n                                                    &#8211; Leonardo Gottems&#13;<br \/>\n&#13;<br \/>\n                                            <\/strong><br \/>\n                                        <\/p>\n<p>                                            <abbr><time datetime=\"2024-11-09T08:21\" itemprop=\"datePublished dateModified\">Publicado em 09\/11\/2024 \u00e0s 08:21h.<\/time><\/abbr><br \/>\n                                            <\/p><\/div>\n<\/p><\/div>\n<\/p><\/div>\n<div class=\"col-lg p-0 text-lg-end\">\n<div>\n<div id=\"mdEnviarPagina\" class=\"modal fade\" role=\"dialog\">\n<div class=\"modal-dialog\">\n<div class=\"modal-content\">\n<div class=\"modal-body\">\n<p><strong>Estimado usu\u00e1rio.<\/strong><br \/>Preencha o formul\u00e1rio abaixo para remeter a p\u00e1gina.<\/p>\n<\/p><\/div>\n<\/p><\/div>\n<\/p><\/div>\n<\/div><\/div>\n<\/p><\/div>\n<\/p><\/div>\n<\/p><\/div>\n<\/p><\/div>\n<\/p><\/div>\n<div class=\"row justify-content-md-center mt-3\">\n<div class=\"col-lg-auto col-image  block-news-main-image d-none d-md-block\">\n<p>                            <img decoding=\"async\" src=\"https:\/\/www.agrolink.com.br\/upload\/imagens-resizes\/65fa50e9c07f40dc898628d520b4e308_858x483.jpg\" class=\"lazyload \" alt=\"O pre\u00e7o do trigo subiu devido a condi\u00e7\u00f5es clim\u00e1ticas \"\/><br \/>\n                                            <span class=\"d-block mt-1\">O pre\u00e7o do trigo subiu devido a condi\u00e7\u00f5es clim\u00e1ticas  &#8211; Foto: Divulga\u00e7\u00e3o<\/span><\/p><\/div>\n<\/p><\/div>\n<div class=\"section-description section-description-noticias mt-3\">\n<p>Os pre\u00e7os mais altos de v\u00e1rias commodities impulsionaram o \u00cdndice de Pre\u00e7os de Alimentos da FAO a atingir sua maior marca em 18 meses, chegando a 127,4 pontos em outubro, o que representa um aumento de 2% em rela\u00e7\u00e3o a setembro. Este valor \u00e9 o maior desde abril de 2023 e 5,5% superior ao do ano passado, embora ainda esteja 20,5% abaixo do pico de mar\u00e7o de 2022 (160,2 pontos).\u00a0&#13;\n<\/p>\n<p>O \u00cdndice de Pre\u00e7os de \u00d3leo Vegetal subiu 7,3%, atingindo 152,7 pontos, o maior n\u00edvel em dois anos, impulsionado pelo aumento nos pre\u00e7os do \u00f3leo de palma, soja, girassol e colza. A alta do \u00f3leo de palma foi alimentada por preocupa\u00e7\u00f5es com a produ\u00e7\u00e3o abaixo do esperado e pela redu\u00e7\u00e3o sazonal na produ\u00e7\u00e3o nos principais pa\u00edses produtores do Sudeste Asi\u00e1tico.<\/p>\n<p>Os pre\u00e7os globais dos \u00f3leos de girassol e colza tamb\u00e9m seguiram em alta, enquanto o \u00f3leo de soja se valorizou devido \u00e0 forte demanda global e \u00e0 oferta limitada de alternativas. J\u00e1 o \u00cdndice de Pre\u00e7os dos Cereais teve um aumento de 0,8% em outubro, chegando a 114,4 pontos, mas ainda ficou 8,3% abaixo do valor do ano passado. O pre\u00e7o do trigo subiu devido a condi\u00e7\u00f5es clim\u00e1ticas adversas nos grandes produtores do Hemisf\u00e9rio Norte, e a reintrodu\u00e7\u00e3o de um piso de pre\u00e7o n\u00e3o oficial na R\u00fassia, al\u00e9m das tens\u00f5es no Mar Negro, pressionaram os pre\u00e7os.&#13;\n<\/p>\n<p>No milho, os pre\u00e7os aumentaram, influenciados pela forte demanda no Brasil e desafios log\u00edsticos devido aos baixos n\u00edveis dos rios. Por outro lado, o \u00cdndice de Pre\u00e7os do Arroz caiu 5,6%, reflexo das expectativas de maior concorr\u00eancia entre exportadores ap\u00f3s a \u00cdndia retirar as restri\u00e7\u00f5es de exporta\u00e7\u00e3o de arroz n\u00e3o quebrado.<br \/>&#13;<br \/>\n\u00a0<\/p>\n<\/p><\/div>\n<\/p><\/div>\n<p><script data-cfasync=\"false\">\n    !function (f, b, e, v, n, t, s) {\n        if (f.fbq) return; n = f.fbq = function () {\n            n.callMethod ?\n                n.callMethod.apply(n, arguments) : n.queue.push(arguments)\n        };\n        if (!f._fbq) f._fbq = n; n.push = n; n.loaded = !0; n.version = '2.0';\n        n.queue = []; t = b.createElement(e); t.async = !0;\n        t.src = v; s = b.getElementsByTagName(e)[0];\n        s.parentNode.insertBefore(t, s)\n    }(window, document, 'script',\n        'https:\/\/connect.facebook.net\/en_US\/fbevents.js');\n    fbq('init', '522546078623747');\n    fbq('track', 'PageView');\n<\/script><br \/>\n<br \/><br \/>\n<br \/><a href=\"https:\/\/www.agrolink.com.br\/noticias\/fao--precos-do-trigo-e-oleo-de-palma-sobem-em-outubro_496690.html\">Source link <\/a><\/p>\n","protected":false},"excerpt":{"rendered":"<p>&#13; Os pre\u00e7os globais dos \u00f3leos de girassol e colza tamb\u00e9m seguiram em alta&#13; &#13; Agrolink&#13; &#13; &#8211; Leonardo Gottems&#13;<\/p>\n","protected":false},"author":1,"featured_media":4766,"comment_status":"open","ping_status":"open","sticky":false,"template":"","format":"standard","meta":{"_monsterinsights_skip_tracking":false,"_monsterinsights_sitenote_active":false,"_monsterinsights_sitenote_note":"","_monsterinsights_sitenote_category":0,"_uf_show_specific_survey":0,"_uf_disable_surveys":false,"footnotes":""},"categories":[8,1,14],"tags":[],"class_list":["post-4765","post","type-post","status-publish","format-standard","has-post-thumbnail","hentry","category-agro","category-news","category-politica-agro"],"_links":{"self":[{"href":"https:\/\/agromt.news\/index.php?rest_route=\/wp\/v2\/posts\/4765"}],"collection":[{"href":"https:\/\/agromt.news\/index.php?rest_route=\/wp\/v2\/posts"}],"about":[{"href":"https:\/\/agromt.news\/index.php?rest_route=\/wp\/v2\/types\/post"}],"author":[{"embeddable":true,"href":"https:\/\/agromt.news\/index.php?rest_route=\/wp\/v2\/users\/1"}],"replies":[{"embeddable":true,"href":"https:\/\/agromt.news\/index.php?rest_route=%2Fwp%2Fv2%2Fcomments&post=4765"}],"version-history":[{"count":0,"href":"https:\/\/agromt.news\/index.php?rest_route=\/wp\/v2\/posts\/4765\/revisions"}],"wp:featuredmedia":[{"embeddable":true,"href":"https:\/\/agromt.news\/index.php?rest_route=\/wp\/v2\/media\/4766"}],"wp:attachment":[{"href":"https:\/\/agromt.news\/index.php?rest_route=%2Fwp%2Fv2%2Fmedia&parent=4765"}],"wp:term":[{"taxonomy":"category","embeddable":true,"href":"https:\/\/agromt.news\/index.php?rest_route=%2Fwp%2Fv2%2Fcategories&post=4765"},{"taxonomy":"post_tag","embeddable":true,"href":"https:\/\/agromt.news\/index.php?rest_route=%2Fwp%2Fv2%2Ftags&post=4765"}],"curies":[{"name":"wp","href":"https:\/\/api.w.org\/{rel}","templated":true}]}}