{"id":4712,"date":"2024-11-08T20:15:54","date_gmt":"2024-11-09T00:15:54","guid":{"rendered":"https:\/\/agromt.news\/?p=4712"},"modified":"2024-11-08T20:15:54","modified_gmt":"2024-11-09T00:15:54","slug":"como-a-selic-impactou-o-mercado-da-soja","status":"publish","type":"post","link":"https:\/\/agromt.news\/?p=4712","title":{"rendered":"Como a Selic impactou o mercado da soja?"},"content":{"rendered":"<p> <br \/>\n<\/p>\n<div>\n<p style=\"text-align:justify\">Segundo a an\u00e1lise da Central Internacional de An\u00e1lises Econ\u00f4micas e de Estudos de Mercado Agropecu\u00e1rio (CEEMA), o mercado de <a href=\"https:\/\/www.agrolink.com.br\/culturas\/soja?utm_source=agrolink-detalhe-noticia&amp;utm_medium=detalhe-noticia&amp;utm_campaign=links-internos\" target=\"_blank\" rel=\"noopener\">soja<\/a> brasileiro vem apresentando oscila\u00e7\u00f5es em fun\u00e7\u00e3o de fatores econ\u00f4micos como o c\u00e2mbio e a taxa Selic.<\/p>\n<p style=\"text-align:justify\">Conforme dados da CEEMA, a\u00a0moeda brasileira, que chegou a atingir R$ 5,90 ap\u00f3s as elei\u00e7\u00f5es nos Estados Unidos, recuou para R$ 5,67 na \u00faltima quarta-feira, impulsionada pela eleva\u00e7\u00e3o da Selic para 11,25% ao ano e pela expectativa de medidas de controle fiscal ainda nesta semana. Com esse recuo, h\u00e1 uma tend\u00eancia de ajuste nos pre\u00e7os da <a href=\"https:\/\/www.agrolink.com.br\/culturas\/soja?utm_source=agrolink-detalhe-noticia&amp;utm_medium=detalhe-noticia&amp;utm_campaign=links-internos\" target=\"_blank\" rel=\"noopener\">soja<\/a>, que podem cair nos pr\u00f3ximos dias caso o c\u00e2mbio se estabilize em trajet\u00f3ria descendente.&#13;\n<\/p>\n<p style=\"text-align:justify\">Atualmente, a m\u00e9dia ga\u00facha para o saco de soja est\u00e1 em R$ 129,23, com as principais regi\u00f5es trabalhando entre R$ 127,00 e R$ 130,00 por saco. Outras regi\u00f5es do pa\u00eds registraram pre\u00e7os entre R$ 122,50 e R$ 142,00. Apesar das oscila\u00e7\u00f5es, as expectativas para a safra 2024\/25 permanecem otimistas, com proje\u00e7\u00f5es entre 166 e 172 milh\u00f5es de toneladas, a depender do clima nas \u00e1reas produtoras. Segundo o CEEMA, o retorno das chuvas tem acelerado o plantio nas principais regi\u00f5es, embora a falta de chuva ainda preocupe algumas \u00e1reas do Rio Grande do Sul.<\/p>\n<p style=\"text-align:justify\">O plantio j\u00e1 cobriu 54% da \u00e1rea esperada at\u00e9 31 de outubro, um dos ritmos mais r\u00e1pidos da hist\u00f3ria, ficando atr\u00e1s apenas do ciclo 2018\/19. O Mato Grosso, l\u00edder no cultivo, j\u00e1 atingiu 80% da \u00e1rea planejada, praticamente recuperando o atraso inicial, enquanto o Rio Grande do Sul registra 10% da \u00e1rea plantada, abaixo da m\u00e9dia hist\u00f3rica de 16%. No Paran\u00e1, o plantio j\u00e1 alcan\u00e7ou 85%, com 4% das lavouras em est\u00e1gio de flora\u00e7\u00e3o.&#13;\n<\/p>\n<p style=\"text-align:justify\">Para novembro, o CEEMA projeta uma queda nas exporta\u00e7\u00f5es brasileiras de soja, estimando vendas de 2,45 milh\u00f5es de toneladas, uma retra\u00e7\u00e3o de 45% em rela\u00e7\u00e3o ao m\u00eas anterior e de 47% em compara\u00e7\u00e3o a novembro de 2023. A entrada dos Estados Unidos no mercado, ap\u00f3s uma safra recorde de 124 milh\u00f5es de toneladas, deve impactar as exporta\u00e7\u00f5es brasileiras, direcionando a demanda global para o produto norte-americano.<\/p>\n<\/p><\/div>\n<p><script data-cfasync=\"false\">\n    !function (f, b, e, v, n, t, s) {\n        if (f.fbq) return; n = f.fbq = function () {\n            n.callMethod ?\n                n.callMethod.apply(n, arguments) : n.queue.push(arguments)\n        };\n        if (!f._fbq) f._fbq = n; n.push = n; n.loaded = !0; n.version = '2.0';\n        n.queue = []; t = b.createElement(e); t.async = !0;\n        t.src = v; s = b.getElementsByTagName(e)[0];\n        s.parentNode.insertBefore(t, s)\n    }(window, document, 'script',\n        'https:\/\/connect.facebook.net\/en_US\/fbevents.js');\n    fbq('init', '522546078623747');\n    fbq('track', 'PageView');\n<\/script><br \/>\n<br \/><br \/>\n<br \/><a href=\"https:\/\/www.agrolink.com.br\/noticias\/como-a-selic-impactou-o-mercado-da-soja-_496669.html\">Source link <\/a><\/p>\n","protected":false},"excerpt":{"rendered":"<p>Segundo a an\u00e1lise da Central Internacional de An\u00e1lises Econ\u00f4micas e de Estudos de Mercado Agropecu\u00e1rio (CEEMA), o mercado de soja<\/p>\n","protected":false},"author":1,"featured_media":1507,"comment_status":"open","ping_status":"open","sticky":false,"template":"","format":"standard","meta":{"_monsterinsights_skip_tracking":false,"_monsterinsights_sitenote_active":false,"_monsterinsights_sitenote_note":"","_monsterinsights_sitenote_category":0,"_uf_show_specific_survey":0,"_uf_disable_surveys":false,"footnotes":""},"categories":[8,1,14],"tags":[],"class_list":["post-4712","post","type-post","status-publish","format-standard","has-post-thumbnail","hentry","category-agro","category-news","category-politica-agro"],"_links":{"self":[{"href":"https:\/\/agromt.news\/index.php?rest_route=\/wp\/v2\/posts\/4712"}],"collection":[{"href":"https:\/\/agromt.news\/index.php?rest_route=\/wp\/v2\/posts"}],"about":[{"href":"https:\/\/agromt.news\/index.php?rest_route=\/wp\/v2\/types\/post"}],"author":[{"embeddable":true,"href":"https:\/\/agromt.news\/index.php?rest_route=\/wp\/v2\/users\/1"}],"replies":[{"embeddable":true,"href":"https:\/\/agromt.news\/index.php?rest_route=%2Fwp%2Fv2%2Fcomments&post=4712"}],"version-history":[{"count":0,"href":"https:\/\/agromt.news\/index.php?rest_route=\/wp\/v2\/posts\/4712\/revisions"}],"wp:featuredmedia":[{"embeddable":true,"href":"https:\/\/agromt.news\/index.php?rest_route=\/wp\/v2\/media\/1507"}],"wp:attachment":[{"href":"https:\/\/agromt.news\/index.php?rest_route=%2Fwp%2Fv2%2Fmedia&parent=4712"}],"wp:term":[{"taxonomy":"category","embeddable":true,"href":"https:\/\/agromt.news\/index.php?rest_route=%2Fwp%2Fv2%2Fcategories&post=4712"},{"taxonomy":"post_tag","embeddable":true,"href":"https:\/\/agromt.news\/index.php?rest_route=%2Fwp%2Fv2%2Ftags&post=4712"}],"curies":[{"name":"wp","href":"https:\/\/api.w.org\/{rel}","templated":true}]}}