{"id":4601,"date":"2024-11-07T01:46:34","date_gmt":"2024-11-07T05:46:34","guid":{"rendered":"https:\/\/agromt.news\/?p=4601"},"modified":"2024-11-07T01:46:34","modified_gmt":"2024-11-07T05:46:34","slug":"evite-erros-na-aplicacao-de-corretivos","status":"publish","type":"post","link":"https:\/\/agromt.news\/?p=4601","title":{"rendered":"Evite erros na aplica\u00e7\u00e3o de corretivos"},"content":{"rendered":"<p> <br \/>\n<\/p>\n<div>\n<div class=\"row\">\n<div class=\"col-lg col-infos mt-3 mt-lg-0\">\n<div class=\"section-sub-title\">\n<p itemprop=\"description\">&#13;<br \/>\n                                A orienta\u00e7\u00e3o t\u00e9cnica para definir as dosagens corretas&#13;\n                            <\/p>\n<\/p><\/div>\n<div class=\"container\">\n<div class=\"row\">\n<div class=\"col-lg p-0\">\n<div>\n<div class=\"block-news-main-infos mt-3 text-start\">\n<p>                                            <strong class=\"fn\" itemprop=\"author\" style=\"color: rgb(112, 112, 112); \">&#13;<br \/>\n                                                <a href=\"https:\/\/www.agrolink.com.br\/noticias\/javascript:;\" class=\"text-uppercase\" target=\"_blank\" style=\"color: rgb(112, 112, 112); \" rel=\"noopener\">Agrolink<\/a>&#13;<br \/>\n&#13;<br \/>\n                                                    &#8211; Leonardo Gottems&#13;<br \/>\n&#13;<br \/>\n                                            <\/strong><br \/>\n                                        <\/p>\n<p>                                            <abbr><time datetime=\"2024-11-06T16:52\" itemprop=\"datePublished dateModified\">Publicado em 06\/11\/2024 \u00e0s 16:52h.<\/time><\/abbr><br \/>\n                                            <\/p><\/div>\n<\/p><\/div>\n<\/p><\/div>\n<div class=\"col-lg p-0 text-lg-end\">\n<div>\n<div id=\"mdEnviarPagina\" class=\"modal fade\" role=\"dialog\">\n<div class=\"modal-dialog\">\n<div class=\"modal-content\">\n<div class=\"modal-body\">\n<p><strong>Estimado usu\u00e1rio.<\/strong><br \/>Preencha o formul\u00e1rio abaixo para remeter a p\u00e1gina.<\/p>\n<\/p><\/div>\n<\/p><\/div>\n<\/p><\/div>\n<\/div><\/div>\n<\/p><\/div>\n<\/p><\/div>\n<\/p><\/div>\n<\/p><\/div>\n<\/p><\/div>\n<div class=\"row justify-content-md-center mt-3\">\n<div class=\"col-lg-auto col-image  block-news-main-image d-none d-md-block\">\n<p>                            <img decoding=\"async\" src=\"https:\/\/www.agrolink.com.br\/upload\/imagens-resizes\/6d01135cdf424b4d8533d2c86fd41634_858x483.jpg\" class=\"lazyload \" alt=\"A orienta\u00e7\u00e3o t\u00e9cnica para definir as dosagens corretas\"\/><br \/>\n                                            <span class=\"d-block mt-1\">A orienta\u00e7\u00e3o t\u00e9cnica para definir as dosagens corretas &#8211; Foto: Canva<\/span><\/p><\/div>\n<\/p><\/div>\n<div class=\"section-description section-description-noticias mt-3\">\n<p>A aplica\u00e7\u00e3o de corretivos \u00e9 fundamental para manter a sa\u00fade do solo e maximizar a produtividade das lavouras. No entanto, a pr\u00e1tica exige planejamento detalhado e execu\u00e7\u00e3o precisa para evitar desperd\u00edcios e garantir um bom aproveitamento dos nutrientes. A an\u00e1lise de solo \u00e9 o primeiro passo para identificar defici\u00eancias e definir os corretivos necess\u00e1rios, como calc\u00e1rio ou gesso, que ajustam a acidez e melhoram a estrutura do solo. Sem essa an\u00e1lise, o produtor corre o risco de aplicar insumos desnecess\u00e1rios ou em doses erradas, o que pode afetar negativamente a produtividade.&#13;\n<\/p>\n<p>Al\u00e9m da an\u00e1lise, a orienta\u00e7\u00e3o t\u00e9cnica para definir as dosagens corretas e o momento da aplica\u00e7\u00e3o \u00e9 essencial. A calibra\u00e7\u00e3o inadequada dos equipamentos, como a distribui\u00e7\u00e3o desigual dos corretivos, \u00e9 um erro comum que compromete a efici\u00eancia e gera desperd\u00edcios. O engenheiro agr\u00f4nomo Leonardo Barato destaca tamb\u00e9m a import\u00e2ncia de evitar condi\u00e7\u00f5es clim\u00e1ticas desfavor\u00e1veis, como ventos fortes e chuvas iminentes, que podem dispersar os insumos e reduzir a efic\u00e1cia.<\/p>\n<p>A tecnologia de precis\u00e3o tem sido uma aliada no manejo eficiente dos corretivos. Equipamentos com taxa vari\u00e1vel ajustam automaticamente a quantidade de insumo conforme as necessidades do solo, garantindo uma aplica\u00e7\u00e3o mais precisa e econ\u00f4mica. A Piccin Equipamentos, por exemplo, desenvolveu a Esteira Precisa, uma tecnologia patenteada que facilita a aplica\u00e7\u00e3o uniforme e reduz a necessidade de trocas frequentes de componentes.&#13;\n<\/p>\n<p>Para garantir uma aplica\u00e7\u00e3o bem-sucedida, o planejamento deve considerar o momento ideal para aplica\u00e7\u00e3o, o clima e a umidade do solo. Manter os equipamentos bem regulados e realizar a manuten\u00e7\u00e3o preventiva tamb\u00e9m s\u00e3o a\u00e7\u00f5es cruciais. Com essas pr\u00e1ticas, o produtor n\u00e3o s\u00f3 reduz custos, mas tamb\u00e9m contribui para a sustentabilidade da agricultura e a preserva\u00e7\u00e3o ambiental.<br \/>&#13;<br \/>\n\u00a0<\/p>\n<\/p><\/div>\n<\/p><\/div>\n<p><script data-cfasync=\"false\">\n    !function (f, b, e, v, n, t, s) {\n        if (f.fbq) return; n = f.fbq = function () {\n            n.callMethod ?\n                n.callMethod.apply(n, arguments) : n.queue.push(arguments)\n        };\n        if (!f._fbq) f._fbq = n; n.push = n; n.loaded = !0; n.version = '2.0';\n        n.queue = []; t = b.createElement(e); t.async = !0;\n        t.src = v; s = b.getElementsByTagName(e)[0];\n        s.parentNode.insertBefore(t, s)\n    }(window, document, 'script',\n        'https:\/\/connect.facebook.net\/en_US\/fbevents.js');\n    fbq('init', '522546078623747');\n    fbq('track', 'PageView');\n<\/script><br \/>\n<br \/><br \/>\n<br \/><a href=\"https:\/\/www.agrolink.com.br\/noticias\/evite-erros-na-aplicacao-de-corretivos_496580.html\">Source link <\/a><\/p>\n","protected":false},"excerpt":{"rendered":"<p>&#13; A orienta\u00e7\u00e3o t\u00e9cnica para definir as dosagens corretas&#13; &#13; Agrolink&#13; &#13; &#8211; Leonardo Gottems&#13; &#13; Publicado em 06\/11\/2024 \u00e0s<\/p>\n","protected":false},"author":1,"featured_media":4602,"comment_status":"open","ping_status":"open","sticky":false,"template":"","format":"standard","meta":{"_monsterinsights_skip_tracking":false,"_monsterinsights_sitenote_active":false,"_monsterinsights_sitenote_note":"","_monsterinsights_sitenote_category":0,"_uf_show_specific_survey":0,"_uf_disable_surveys":false,"footnotes":""},"categories":[8,1,14],"tags":[],"class_list":["post-4601","post","type-post","status-publish","format-standard","has-post-thumbnail","hentry","category-agro","category-news","category-politica-agro"],"_links":{"self":[{"href":"https:\/\/agromt.news\/index.php?rest_route=\/wp\/v2\/posts\/4601"}],"collection":[{"href":"https:\/\/agromt.news\/index.php?rest_route=\/wp\/v2\/posts"}],"about":[{"href":"https:\/\/agromt.news\/index.php?rest_route=\/wp\/v2\/types\/post"}],"author":[{"embeddable":true,"href":"https:\/\/agromt.news\/index.php?rest_route=\/wp\/v2\/users\/1"}],"replies":[{"embeddable":true,"href":"https:\/\/agromt.news\/index.php?rest_route=%2Fwp%2Fv2%2Fcomments&post=4601"}],"version-history":[{"count":0,"href":"https:\/\/agromt.news\/index.php?rest_route=\/wp\/v2\/posts\/4601\/revisions"}],"wp:featuredmedia":[{"embeddable":true,"href":"https:\/\/agromt.news\/index.php?rest_route=\/wp\/v2\/media\/4602"}],"wp:attachment":[{"href":"https:\/\/agromt.news\/index.php?rest_route=%2Fwp%2Fv2%2Fmedia&parent=4601"}],"wp:term":[{"taxonomy":"category","embeddable":true,"href":"https:\/\/agromt.news\/index.php?rest_route=%2Fwp%2Fv2%2Fcategories&post=4601"},{"taxonomy":"post_tag","embeddable":true,"href":"https:\/\/agromt.news\/index.php?rest_route=%2Fwp%2Fv2%2Ftags&post=4601"}],"curies":[{"name":"wp","href":"https:\/\/api.w.org\/{rel}","templated":true}]}}