{"id":4493,"date":"2024-11-05T13:13:30","date_gmt":"2024-11-05T17:13:30","guid":{"rendered":"https:\/\/agromt.news\/?p=4493"},"modified":"2024-11-05T13:13:30","modified_gmt":"2024-11-05T17:13:30","slug":"precos-do-farelo-de-soja-caem-em-mt-confira-os-numeros-e-projecoes","status":"publish","type":"post","link":"https:\/\/agromt.news\/?p=4493","title":{"rendered":"Pre\u00e7os do farelo de soja caem em MT; confira os n\u00fameros e proje\u00e7\u00f5es"},"content":{"rendered":"<p> <br \/>\n<br \/><img decoding=\"async\" src=\"https:\/\/agromt.news\/wp-content\/uploads\/2024\/11\/Precos-do-farelo-de-soja-caem-em-MT-confira-os.jpg\" \/><\/p>\n<div>\n<p>Nesta ter\u00e7a-feira (5), o Instituto Mato-grossense de Economia Agr\u00edcola (<a href=\"https:\/\/www.imea.com.br\/imea-site\/\">Imea<\/a>) reportou que o pre\u00e7o do <a href=\"https:\/\/www.canalrural.com.br\/?s=farelo+de+soja+\">farelo de soja <\/a>em Mato Grosso teve uma redu\u00e7\u00e3o de 0,92% na \u00faltima semana, com a m\u00e9dia em R$ 1.974,67 por tonelada. <\/p>\n<p>Segundo a<a href=\"https:\/\/safras.com.br\/\"> Safras &amp; Mercado<\/a>, o movimento segue a tend\u00eancia observada no mercado internacional, onde o pre\u00e7o do farelo de soja na Bolsa de Chicago caiu 4,25%, para US$ 301,60 por tonelada. A queda no valor do farelo foi impulsionada pela intensifica\u00e7\u00e3o da colheita nos EUA e pelo aumento das chuvas nas principais regi\u00f5es produtoras do Brasil.<\/p>\n<p class=\"has-text-align-center\"><em>Confira na palma da m\u00e3o informa\u00e7\u00f5es quentes sobre agricultura, pecu\u00e1ria, economia e previs\u00e3o do tempo:<\/em><a href=\"https:\/\/www.whatsapp.com\/channel\/0029Va9VnZxGk1FplZjiW43k\"><em>\u00a0<\/em><strong>siga o Canal Rural no WhatsApp<\/strong><\/a>!<\/p>\n<\/div>\n<div>\n<h2 class=\"wp-block-heading\" id=\"h-o-outro-lado-da-moeda\">O outro lado da moeda <\/h2>\n<p>Por outro lado, o pre\u00e7o do \u00f3leo de soja teve um comportamento oposto. Al\u00e9m disso, o pre\u00e7o do \u00f3leo de soja subiu 0,27%, fechando a US$ 43,81 por tonelada. No estado de Mato Grosso, o \u00f3leo de soja registrou uma valoriza\u00e7\u00e3o de 2,54%, com R$ 5.685,83 por tonelada. O aumento est\u00e1 ligado \u00e0 maior demanda para a produ\u00e7\u00e3o de biodiesel, que elevou o pre\u00e7o do coproduto no mercado local.<\/p>\n<p>As informa\u00e7\u00f5es s\u00e3o do Boletim Semanal do Imea.<\/p>\n<\/p><\/div>\n<p><br \/>\n<br \/><a href=\"https:\/\/www.canalrural.com.br\/agricultura\/projeto-soja-brasil\/precos-do-farelo-de-soja-caem-em-mt-confira-os-numeros-e-projecoes\/\">Source link <\/a><\/p>\n","protected":false},"excerpt":{"rendered":"<p>Nesta ter\u00e7a-feira (5), o Instituto Mato-grossense de Economia Agr\u00edcola (Imea) reportou que o pre\u00e7o do farelo de soja em Mato<\/p>\n","protected":false},"author":1,"featured_media":4494,"comment_status":"open","ping_status":"open","sticky":false,"template":"","format":"standard","meta":{"_monsterinsights_skip_tracking":false,"_monsterinsights_sitenote_active":false,"_monsterinsights_sitenote_note":"","_monsterinsights_sitenote_category":0,"_uf_show_specific_survey":0,"_uf_disable_surveys":false,"footnotes":""},"categories":[1],"tags":[],"class_list":["post-4493","post","type-post","status-publish","format-standard","has-post-thumbnail","hentry","category-news"],"_links":{"self":[{"href":"https:\/\/agromt.news\/index.php?rest_route=\/wp\/v2\/posts\/4493"}],"collection":[{"href":"https:\/\/agromt.news\/index.php?rest_route=\/wp\/v2\/posts"}],"about":[{"href":"https:\/\/agromt.news\/index.php?rest_route=\/wp\/v2\/types\/post"}],"author":[{"embeddable":true,"href":"https:\/\/agromt.news\/index.php?rest_route=\/wp\/v2\/users\/1"}],"replies":[{"embeddable":true,"href":"https:\/\/agromt.news\/index.php?rest_route=%2Fwp%2Fv2%2Fcomments&post=4493"}],"version-history":[{"count":0,"href":"https:\/\/agromt.news\/index.php?rest_route=\/wp\/v2\/posts\/4493\/revisions"}],"wp:featuredmedia":[{"embeddable":true,"href":"https:\/\/agromt.news\/index.php?rest_route=\/wp\/v2\/media\/4494"}],"wp:attachment":[{"href":"https:\/\/agromt.news\/index.php?rest_route=%2Fwp%2Fv2%2Fmedia&parent=4493"}],"wp:term":[{"taxonomy":"category","embeddable":true,"href":"https:\/\/agromt.news\/index.php?rest_route=%2Fwp%2Fv2%2Fcategories&post=4493"},{"taxonomy":"post_tag","embeddable":true,"href":"https:\/\/agromt.news\/index.php?rest_route=%2Fwp%2Fv2%2Ftags&post=4493"}],"curies":[{"name":"wp","href":"https:\/\/api.w.org\/{rel}","templated":true}]}}