{"id":4484,"date":"2024-11-05T09:54:19","date_gmt":"2024-11-05T13:54:19","guid":{"rendered":"https:\/\/agromt.news\/?p=4484"},"modified":"2024-11-05T09:54:19","modified_gmt":"2024-11-05T13:54:19","slug":"cereal-recua-em-outubro-mas-segue-em-niveis-acima-dos-de-um-ano-atras","status":"publish","type":"post","link":"https:\/\/agromt.news\/?p=4484","title":{"rendered":"cereal recua em outubro, mas segue em n\u00edveis acima dos de um ano atr\u00e1s"},"content":{"rendered":"<p> <br \/>\n<br \/><img decoding=\"async\" src=\"https:\/\/agromt.news\/wp-content\/uploads\/2024\/11\/cereal-recua-em-outubro-mas-segue-em-niveis-acima-dos.jpg\" \/><\/p>\n<div>\n<p>Os pre\u00e7os dom\u00e9sticos do trigo ca\u00edram em outubro, refletindo os avan\u00e7os da colheita e, consequentemente, da disponibilidade do cereal no mercado brasileiro. <\/p>\n<p><em>Confira na palma da <\/em>m\u00e3o <em>informa\u00e7\u00f5es quentes sobre agricultura, pecu\u00e1ria, economia e previs\u00e3o do tempo:<\/em><a href=\"https:\/\/www.whatsapp.com\/channel\/0029Va9VnZxGk1FplZjiW43k\"><em> <\/em><strong>siga o Canal Rural no WhatsApp<\/strong><\/a>!<\/p>\n<\/div>\n<div>\n<p>Pesquisadores do <a href=\"https:\/\/www.canalrural.com.br\/tag\/cepea\/\">Cepea<\/a> explicam que esse cen\u00e1rio foi verificado mesmo com o valor interno do trigo operando abaixo do de importa\u00e7\u00e3o \u2013 a maior paridade de importa\u00e7\u00e3o tem sido sustentada pelo d\u00f3lar valorizado frente ao Real. <\/p>\n<p>Ainda assim, as cota\u00e7\u00f5es dom\u00e9sticas do cereal est\u00e3o acima das registradas em outubro do ano passado, em termos reais, tamb\u00e9m conforme apontam levantamentos do Cepea.<\/p>\n<\/p><\/div>\n<p><br \/>\n<br \/><a href=\"https:\/\/www.canalrural.com.br\/agricultura\/trigo-cereal-recua-em-outubro-mas-segue-em-niveis-acima-dos-de-um-ano-atras\/\">Source link <\/a><\/p>\n","protected":false},"excerpt":{"rendered":"<p>Os pre\u00e7os dom\u00e9sticos do trigo ca\u00edram em outubro, refletindo os avan\u00e7os da colheita e, consequentemente, da disponibilidade do cereal no<\/p>\n","protected":false},"author":1,"featured_media":4485,"comment_status":"open","ping_status":"open","sticky":false,"template":"","format":"standard","meta":{"_monsterinsights_skip_tracking":false,"_monsterinsights_sitenote_active":false,"_monsterinsights_sitenote_note":"","_monsterinsights_sitenote_category":0,"_uf_show_specific_survey":0,"_uf_disable_surveys":false,"footnotes":""},"categories":[1],"tags":[],"class_list":["post-4484","post","type-post","status-publish","format-standard","has-post-thumbnail","hentry","category-news"],"_links":{"self":[{"href":"https:\/\/agromt.news\/index.php?rest_route=\/wp\/v2\/posts\/4484"}],"collection":[{"href":"https:\/\/agromt.news\/index.php?rest_route=\/wp\/v2\/posts"}],"about":[{"href":"https:\/\/agromt.news\/index.php?rest_route=\/wp\/v2\/types\/post"}],"author":[{"embeddable":true,"href":"https:\/\/agromt.news\/index.php?rest_route=\/wp\/v2\/users\/1"}],"replies":[{"embeddable":true,"href":"https:\/\/agromt.news\/index.php?rest_route=%2Fwp%2Fv2%2Fcomments&post=4484"}],"version-history":[{"count":0,"href":"https:\/\/agromt.news\/index.php?rest_route=\/wp\/v2\/posts\/4484\/revisions"}],"wp:featuredmedia":[{"embeddable":true,"href":"https:\/\/agromt.news\/index.php?rest_route=\/wp\/v2\/media\/4485"}],"wp:attachment":[{"href":"https:\/\/agromt.news\/index.php?rest_route=%2Fwp%2Fv2%2Fmedia&parent=4484"}],"wp:term":[{"taxonomy":"category","embeddable":true,"href":"https:\/\/agromt.news\/index.php?rest_route=%2Fwp%2Fv2%2Fcategories&post=4484"},{"taxonomy":"post_tag","embeddable":true,"href":"https:\/\/agromt.news\/index.php?rest_route=%2Fwp%2Fv2%2Ftags&post=4484"}],"curies":[{"name":"wp","href":"https:\/\/api.w.org\/{rel}","templated":true}]}}