{"id":4483,"date":"2024-11-05T09:46:24","date_gmt":"2024-11-05T13:46:24","guid":{"rendered":"https:\/\/agromt.news\/?p=4483"},"modified":"2024-11-05T09:46:24","modified_gmt":"2024-11-05T13:46:24","slug":"milho-fecha-em-alta-na-b3-confira","status":"publish","type":"post","link":"https:\/\/agromt.news\/?p=4483","title":{"rendered":"Milho fecha em alta na B3: Confira"},"content":{"rendered":"<p> <br \/>\n<\/p>\n<div>\n<p>De acordo com dados da TF Agroecon\u00f4mica, os principais contratos de <a href=\"https:\/\/www.agrolink.com.br\/culturas\/milho?utm_source=agrolink-detalhe-noticia&amp;utm_medium=detalhe-noticia&amp;utm_campaign=links-internos&#9;\" target=\"_blank\" rel=\"noopener\">milho<\/a> encerraram a sexta-feira com alta na Bolsa de Mercadorias de S\u00e3o Paulo (B3), impulsionados pela demanda interna e pelo suporte do d\u00f3lar e do mercado de Chicago. O contrato para novembro acumulou um ganho semanal de 0,59%, enquanto o contrato de janeiro subiu 1,43%. A demanda interna elevada e as incertezas em torno do plantio da safra safrinha deram suporte adicional aos pre\u00e7os, embora tenham surgido alertas no mercado em fun\u00e7\u00e3o da redu\u00e7\u00e3o nas previs\u00f5es de exporta\u00e7\u00e3o pela Anec.&#13;\n<\/p>\n<p>A Associa\u00e7\u00e3o Nacional dos Exportadores de Cereais (Anec) ajustou sua previs\u00e3o de exporta\u00e7\u00e3o de milho para outubro de 6,24 milh\u00f5es de toneladas (MMT) para 5,93 MMT, representando uma queda de 4,97% em rela\u00e7\u00e3o a setembro e de 26,70% em compara\u00e7\u00e3o com o mesmo per\u00edodo de 2023. At\u00e9 o final de setembro, o acumulado de exporta\u00e7\u00e3o de milho no Brasil em 2024 estava 28% menor do que em 2023, refletindo um cen\u00e1rio de menor escoamento do produto para o exterior.<\/p>\n<p>Al\u00e9m disso, a Consultoria Agro do Ita\u00fa BBA indicou uma poss\u00edvel press\u00e3o sobre os pre\u00e7os do milho nos pr\u00f3ximos meses devido \u00e0 necessidade de liberar espa\u00e7o para a soja que ser\u00e1 colhida, considerando o atraso na comercializa\u00e7\u00e3o do gr\u00e3o. Para a safra 2023\/24, apenas 60% do volume de milho foi negociado at\u00e9 o in\u00edcio de outubro, enquanto a m\u00e9dia hist\u00f3rica para o per\u00edodo \u00e9 de 67%. J\u00e1 para a safra 2024\/25, a venda antecipada em Mato Grosso atingiu apenas 15,5%, abaixo da m\u00e9dia de 31,2%, conforme dados do Instituto Mato-grossense de Economia Agropecu\u00e1ria (Imea).&#13;\n<\/p>\n<p>No fechamento do dia, os contratos futuros registraram alta: o vencimento de novembro\/24 fechou em R$ 72,99, com eleva\u00e7\u00e3o de R$ 0,05 no dia e R$ 0,43 na semana. O contrato de janeiro\/25 foi negociado a R$ 76,73, subindo R$ 0,16 no dia e R$ 1,08 na semana, enquanto o contrato para mar\u00e7o\/25 alcan\u00e7ou R$ 77,15, com alta de R$ 0,52 no dia e R$ 1,24 na semana.<br \/>&#13;<br \/>\n\u00a0<\/p>\n<\/p><\/div>\n<p><script data-cfasync=\"false\">\n    !function (f, b, e, v, n, t, s) {\n        if (f.fbq) return; n = f.fbq = function () {\n            n.callMethod ?\n                n.callMethod.apply(n, arguments) : n.queue.push(arguments)\n        };\n        if (!f._fbq) f._fbq = n; n.push = n; n.loaded = !0; n.version = '2.0';\n        n.queue = []; t = b.createElement(e); t.async = !0;\n        t.src = v; s = b.getElementsByTagName(e)[0];\n        s.parentNode.insertBefore(t, s)\n    }(window, document, 'script',\n        'https:\/\/connect.facebook.net\/en_US\/fbevents.js');\n    fbq('init', '522546078623747');\n    fbq('track', 'PageView');\n<\/script><br \/>\n<br \/><br \/>\n<br \/><a href=\"https:\/\/www.agrolink.com.br\/noticias\/milho-fecha-em-alta-na-b3--confira_496454.html\">Source link <\/a><\/p>\n","protected":false},"excerpt":{"rendered":"<p>De acordo com dados da TF Agroecon\u00f4mica, os principais contratos de milho encerraram a sexta-feira com alta na Bolsa de<\/p>\n","protected":false},"author":1,"featured_media":3610,"comment_status":"open","ping_status":"open","sticky":false,"template":"","format":"standard","meta":{"_monsterinsights_skip_tracking":false,"_monsterinsights_sitenote_active":false,"_monsterinsights_sitenote_note":"","_monsterinsights_sitenote_category":0,"_uf_show_specific_survey":0,"_uf_disable_surveys":false,"footnotes":""},"categories":[8,1,14],"tags":[],"class_list":["post-4483","post","type-post","status-publish","format-standard","has-post-thumbnail","hentry","category-agro","category-news","category-politica-agro"],"_links":{"self":[{"href":"https:\/\/agromt.news\/index.php?rest_route=\/wp\/v2\/posts\/4483"}],"collection":[{"href":"https:\/\/agromt.news\/index.php?rest_route=\/wp\/v2\/posts"}],"about":[{"href":"https:\/\/agromt.news\/index.php?rest_route=\/wp\/v2\/types\/post"}],"author":[{"embeddable":true,"href":"https:\/\/agromt.news\/index.php?rest_route=\/wp\/v2\/users\/1"}],"replies":[{"embeddable":true,"href":"https:\/\/agromt.news\/index.php?rest_route=%2Fwp%2Fv2%2Fcomments&post=4483"}],"version-history":[{"count":0,"href":"https:\/\/agromt.news\/index.php?rest_route=\/wp\/v2\/posts\/4483\/revisions"}],"wp:featuredmedia":[{"embeddable":true,"href":"https:\/\/agromt.news\/index.php?rest_route=\/wp\/v2\/media\/3610"}],"wp:attachment":[{"href":"https:\/\/agromt.news\/index.php?rest_route=%2Fwp%2Fv2%2Fmedia&parent=4483"}],"wp:term":[{"taxonomy":"category","embeddable":true,"href":"https:\/\/agromt.news\/index.php?rest_route=%2Fwp%2Fv2%2Fcategories&post=4483"},{"taxonomy":"post_tag","embeddable":true,"href":"https:\/\/agromt.news\/index.php?rest_route=%2Fwp%2Fv2%2Ftags&post=4483"}],"curies":[{"name":"wp","href":"https:\/\/api.w.org\/{rel}","templated":true}]}}