{"id":4419,"date":"2024-11-04T07:46:56","date_gmt":"2024-11-04T11:46:56","guid":{"rendered":"https:\/\/agromt.news\/?p=4419"},"modified":"2024-11-04T07:46:56","modified_gmt":"2024-11-04T11:46:56","slug":"safra-de-citros-finaliza-com-rendimento-abaixo-do-esperado","status":"publish","type":"post","link":"https:\/\/agromt.news\/?p=4419","title":{"rendered":"Safra de citros finaliza com rendimento abaixo do esperado"},"content":{"rendered":"<p> <br \/>\n<\/p>\n<div>\n<p style=\"text-align:justify\">A Emater\/RS-Ascar informou, em seu boletim semanal divulgado nesta quinta-feira (31), que a colheita de citros na regi\u00e3o de Frederico Westphalen est\u00e1 praticamente conclu\u00edda, com cerca de 98% da \u00e1rea j\u00e1 colhida. No entanto, as produtividades de laranjas de suco e de mesa ficaram abaixo das expectativas iniciais. As variedades Val\u00eancia, Folha Murcha, Iapar 73, Salustiana e Rubi alcan\u00e7aram cerca de 15 toneladas por hectare, abaixo da expectativa de 18 t\/ha. J\u00e1 as variedades de <a href=\"https:\/\/www.agrolink.com.br\/culturas\/laranja?utm_source=agrolink-detalhe-noticia&amp;utm_medium=detalhe-noticia&amp;utm_campaign=links-internos\" target=\"_blank\" rel=\"noopener\">laranja<\/a>-de-umbigo Bahia e Bahia Monte Parnaso registraram 12 t\/ha, em contraste com a previs\u00e3o de 15 t\/ha. Para as variedades de bergamota Ponkan, Murcott e Montenegrina, a produtividade final foi de 12 t\/ha, acima do esperado, enquanto o lim\u00e3o Tahiti ficou em 20 t\/ha, abaixo da proje\u00e7\u00e3o de 26 t\/ha.&#13;\n<\/p>\n<p style=\"text-align:justify\">Com o fim da colheita, inicia-se um novo ciclo de desenvolvimento dos frutos, que conta com o clima favor\u00e1vel para o pegamento e crescimento saud\u00e1vel. O manejo dos pomares segue com aduba\u00e7\u00e3o e aplica\u00e7\u00e3o de tratamentos fitossanit\u00e1rios para controle de pragas e doen\u00e7as, com foco nas ocorr\u00eancias de clorose variegada dos citros (CVC) e leprose.<\/p>\n<p style=\"text-align:justify\">Os pre\u00e7os da laranja suco variam entre R$ 2.250 e R$ 2.350 por tonelada para a ind\u00fastria e R$ 2.800 a R$ 3.000 para o mercado de frutas frescas. Para a laranja de umbigo e a bergamota Murcott, os valores de mercado est\u00e3o entre R$ 2,50 e R$ 2,80 por quilo, enquanto a Montenegrina \u00e9 comercializada entre R$ 2,50 e R$ 3,00\/kg.&#13;\n<\/p>\n<p style=\"text-align:justify\">Na regi\u00e3o de Lajeado, incluindo Montenegro, Brochier, Marat\u00e1 e S\u00e3o Jos\u00e9 do Sul, a colheita foi encerrada, mas a comercializa\u00e7\u00e3o de bergamotas armazenadas em c\u00e2maras frias continua. Apesar das adversidades clim\u00e1ticas, a safra foi avaliada de forma positiva pelos produtores, que obtiveram bons pre\u00e7os. O foco atual est\u00e1 nas pr\u00e1ticas de poda, monitoramento e controle fitossanit\u00e1rio para a nova safra, que promete um bom rendimento devido \u00e0s condi\u00e7\u00f5es clim\u00e1ticas favor\u00e1veis e uma flora\u00e7\u00e3o robusta. O lim\u00e3o, comercializado em caixas de 20 kg, alcan\u00e7a valores entre R$ 95 e R$ 100.<\/p>\n<\/p><\/div>\n<p><script data-cfasync=\"false\">\n    !function (f, b, e, v, n, t, s) {\n        if (f.fbq) return; n = f.fbq = function () {\n            n.callMethod ?\n                n.callMethod.apply(n, arguments) : n.queue.push(arguments)\n        };\n        if (!f._fbq) f._fbq = n; n.push = n; n.loaded = !0; n.version = '2.0';\n        n.queue = []; t = b.createElement(e); t.async = !0;\n        t.src = v; s = b.getElementsByTagName(e)[0];\n        s.parentNode.insertBefore(t, s)\n    }(window, document, 'script',\n        'https:\/\/connect.facebook.net\/en_US\/fbevents.js');\n    fbq('init', '522546078623747');\n    fbq('track', 'PageView');\n<\/script><br \/>\n<br \/><br \/>\n<br \/><a href=\"https:\/\/www.agrolink.com.br\/noticias\/safra-de-citros-finaliza-com-rendimento-abaixo-do-esperado_496435.html\">Source link <\/a><\/p>\n","protected":false},"excerpt":{"rendered":"<p>A Emater\/RS-Ascar informou, em seu boletim semanal divulgado nesta quinta-feira (31), que a colheita de citros na regi\u00e3o de Frederico<\/p>\n","protected":false},"author":1,"featured_media":4420,"comment_status":"open","ping_status":"open","sticky":false,"template":"","format":"standard","meta":{"_monsterinsights_skip_tracking":false,"_monsterinsights_sitenote_active":false,"_monsterinsights_sitenote_note":"","_monsterinsights_sitenote_category":0,"_uf_show_specific_survey":0,"_uf_disable_surveys":false,"footnotes":""},"categories":[8,1,14],"tags":[],"class_list":["post-4419","post","type-post","status-publish","format-standard","has-post-thumbnail","hentry","category-agro","category-news","category-politica-agro"],"_links":{"self":[{"href":"https:\/\/agromt.news\/index.php?rest_route=\/wp\/v2\/posts\/4419"}],"collection":[{"href":"https:\/\/agromt.news\/index.php?rest_route=\/wp\/v2\/posts"}],"about":[{"href":"https:\/\/agromt.news\/index.php?rest_route=\/wp\/v2\/types\/post"}],"author":[{"embeddable":true,"href":"https:\/\/agromt.news\/index.php?rest_route=\/wp\/v2\/users\/1"}],"replies":[{"embeddable":true,"href":"https:\/\/agromt.news\/index.php?rest_route=%2Fwp%2Fv2%2Fcomments&post=4419"}],"version-history":[{"count":0,"href":"https:\/\/agromt.news\/index.php?rest_route=\/wp\/v2\/posts\/4419\/revisions"}],"wp:featuredmedia":[{"embeddable":true,"href":"https:\/\/agromt.news\/index.php?rest_route=\/wp\/v2\/media\/4420"}],"wp:attachment":[{"href":"https:\/\/agromt.news\/index.php?rest_route=%2Fwp%2Fv2%2Fmedia&parent=4419"}],"wp:term":[{"taxonomy":"category","embeddable":true,"href":"https:\/\/agromt.news\/index.php?rest_route=%2Fwp%2Fv2%2Fcategories&post=4419"},{"taxonomy":"post_tag","embeddable":true,"href":"https:\/\/agromt.news\/index.php?rest_route=%2Fwp%2Fv2%2Ftags&post=4419"}],"curies":[{"name":"wp","href":"https:\/\/api.w.org\/{rel}","templated":true}]}}