{"id":4410,"date":"2024-11-03T17:42:51","date_gmt":"2024-11-03T21:42:51","guid":{"rendered":"https:\/\/agromt.news\/?p=4410"},"modified":"2024-11-03T17:42:51","modified_gmt":"2024-11-03T21:42:51","slug":"acucar-segue-pressionado-e-cai-entre-os-principais-contratos-de-ny-e-londres","status":"publish","type":"post","link":"https:\/\/agromt.news\/?p=4410","title":{"rendered":"A\u00e7\u00facar segue pressionado e cai entre os principais contratos de NY e Londres"},"content":{"rendered":"<p> <br \/>\n<\/p>\n<div>\n<p>Queda do petr\u00f3leo e desvaloriza\u00e7\u00e3o do real pressionam cota\u00e7\u00f5es<\/p>\n<div class=\"materia\">\n<p><img decoding=\"async\" alt=\"Logotipo Not&#xED;cias Agr&#xED;colas\" height=\"21\" src=\"https:\/\/cdn.noticiasagricolas.com.br\/dbimagens\/e12363a00741f9cc7caf23469101a4aa.png\" width=\"106\"\/><\/p>\n<p>Os pre\u00e7os futuros do a\u00e7\u00facar iniciaram esta quarta-feira (09) com novas baixas nas bolsas e Nova York e Londres. Segundo o Barchart, o ado\u00e7ante segue pressionado por conta da redu\u00e7\u00e3o acentuadas nos valores do petr\u00f3leo, que na \u00faltima ter\u00e7a-feira (08) ca\u00edram mais de 4%, e pela desvaloriza\u00e7\u00e3o do real diante do d\u00f3lar, o que incentiva vendas para exporta\u00e7\u00e3o pelos produtores brasileiros.<\/p>\n<p>Nesta manh\u00e3, por volta das 8h40 (hor\u00e1rio de Bras\u00edlia), o contrato mar\u00e7o\/25 perdia 0,31 cents, cotado em 22,18 cents\/lbp. O maio\/25 tinha queda de 0,26 cents, com valor de 20,68 cents\/lbp. O julho\/25 ca\u00eda 0,24 cents, negociado em 19,75 cents\/lbp. O outubro\/25 tinha redu\u00e7\u00e3o de 0,21 cents, com pre\u00e7o de 19,55 cents\/lbp.<\/p>\n<p>Em Londres, o dezembro\/24 era negociado em US$ 563,20\/tonelada, com baixa de US$ 11,90. O mar\u00e7o\/25 tinha pre\u00e7o de US$ 569,30\/tonelada. O maio\/25 estava cotado em 566,10\/tonelada, redu\u00e7\u00e3o de US$ 9,80. O agosto\/25 ca\u00eda US$ 8,00, com valor de US$ 552,10\/tonelada.<\/p>\n<\/p><\/div>\n<div class=\"grupo-whatsapp\">\n      J\u00e1 segue nosso Canal oficial no WhatsApp? <a href=\"https:\/\/bit.ly\/Canal_NA\" target=\"_blank\" rel=\"noopener\"><strong>Clique Aqui<\/strong><\/a> para receber em primeira m\u00e3o as principais not\u00edcias do agroneg\u00f3cio\n    <\/div>\n<div class=\"fonte\">\n<p>Fonte:<\/p>\n<p>                  <span>Not\u00edcias Agr\u00edcolas<\/span>\n              <\/div>\n<\/p><\/div>\n<p><script async defer src=\"https:\/\/connect.facebook.net\/en_US\/sdk.js\" type=\"0b67d0322eff48e2fd465676-text\/javascript\"><\/script><script type=\"0b67d0322eff48e2fd465676-text\/javascript\">\n  !function(f,b,e,v,n,t,s)\n  {if(f.fbq)return;n=f.fbq=function(){n.callMethod?\n    n.callMethod.apply(n,arguments):n.queue.push(arguments)};\n    if(!f._fbq)f._fbq=n;n.push=n;n.loaded=!0;n.version='2.0';\n    n.queue=[];t=b.createElement(e);t.async=!0;\n    t.src=v;s=b.getElementsByTagName(e)[0];\n    s.parentNode.insertBefore(t,s)}(window, document,'script',\n    'https:\/\/connect.facebook.net\/en_US\/fbevents.js');\n  fbq('init', '153495679422335');\n  fbq('track', 'PageView');\n<\/script><br \/>\n<br \/><br \/>\n<br \/><a href=\"https:\/\/www.noticiasagricolas.com.br\/noticias\/sucroenergetico\/386416-acucar-segue-pressionado-e-cai-entre-os-principais-contratos-de-ny-e-londres.html\">Source link <\/a><\/p>\n","protected":false},"excerpt":{"rendered":"<p>Queda do petr\u00f3leo e desvaloriza\u00e7\u00e3o do real pressionam cota\u00e7\u00f5es Os pre\u00e7os futuros do a\u00e7\u00facar iniciaram esta quarta-feira (09) com novas<\/p>\n","protected":false},"author":1,"featured_media":4411,"comment_status":"open","ping_status":"open","sticky":false,"template":"","format":"standard","meta":{"_monsterinsights_skip_tracking":false,"_monsterinsights_sitenote_active":false,"_monsterinsights_sitenote_note":"","_monsterinsights_sitenote_category":0,"_uf_show_specific_survey":0,"_uf_disable_surveys":false,"footnotes":""},"categories":[8,1,14,16],"tags":[],"class_list":["post-4410","post","type-post","status-publish","format-standard","has-post-thumbnail","hentry","category-agro","category-news","category-politica-agro","category-safra"],"_links":{"self":[{"href":"https:\/\/agromt.news\/index.php?rest_route=\/wp\/v2\/posts\/4410"}],"collection":[{"href":"https:\/\/agromt.news\/index.php?rest_route=\/wp\/v2\/posts"}],"about":[{"href":"https:\/\/agromt.news\/index.php?rest_route=\/wp\/v2\/types\/post"}],"author":[{"embeddable":true,"href":"https:\/\/agromt.news\/index.php?rest_route=\/wp\/v2\/users\/1"}],"replies":[{"embeddable":true,"href":"https:\/\/agromt.news\/index.php?rest_route=%2Fwp%2Fv2%2Fcomments&post=4410"}],"version-history":[{"count":0,"href":"https:\/\/agromt.news\/index.php?rest_route=\/wp\/v2\/posts\/4410\/revisions"}],"wp:featuredmedia":[{"embeddable":true,"href":"https:\/\/agromt.news\/index.php?rest_route=\/wp\/v2\/media\/4411"}],"wp:attachment":[{"href":"https:\/\/agromt.news\/index.php?rest_route=%2Fwp%2Fv2%2Fmedia&parent=4410"}],"wp:term":[{"taxonomy":"category","embeddable":true,"href":"https:\/\/agromt.news\/index.php?rest_route=%2Fwp%2Fv2%2Fcategories&post=4410"},{"taxonomy":"post_tag","embeddable":true,"href":"https:\/\/agromt.news\/index.php?rest_route=%2Fwp%2Fv2%2Ftags&post=4410"}],"curies":[{"name":"wp","href":"https:\/\/api.w.org\/{rel}","templated":true}]}}