{"id":4405,"date":"2024-11-03T14:26:15","date_gmt":"2024-11-03T18:26:15","guid":{"rendered":"https:\/\/agromt.news\/?p=4405"},"modified":"2024-11-03T14:26:15","modified_gmt":"2024-11-03T18:26:15","slug":"cancelamento-de-viagem-de-haddad-e-positiva-para-economia-dizem-especialistas","status":"publish","type":"post","link":"https:\/\/agromt.news\/?p=4405","title":{"rendered":"Cancelamento de viagem de Haddad \u00e9 positiva para economia, dizem especialistas"},"content":{"rendered":"<p> <br \/>\n<br \/><img decoding=\"async\" src=\"https:\/\/agromt.news\/wp-content\/uploads\/2024\/11\/Cancelamento-de-viagem-de-Haddad-e-positiva-para-economia-dizem.jpg\" \/><\/p>\n<div>\n<p>A decis\u00e3o do ministro da Fazenda, Fernando Haddad, de cancelar a viagem que faria \u00e0 Europa ao longo desta semana \u00e9 bem vista por especialistas, que esperam uma rea\u00e7\u00e3o positiva dos <strong><a href=\"https:\/\/www.canalrural.com.br\/economia\/\">mercados <\/a><\/strong>amanh\u00e3 (4). <\/p>\n<p>Segundo nota divulgada pela Fazenda na manh\u00e3 deste domingo (3), o ministro permanecer\u00e1 em Bras\u00edlia para tratar de \u201ctemas dom\u00e9sticos\u201d a pedido do presidente Luiz In\u00e1cio Lula da Silva. A expectativa agora \u00e9 de que haja um an\u00fancio de medidas fiscais em breve.<\/p>\n<\/div>\n<div>\n<p>O cancelamento da viagem foi uma surpresa \u201cbem\u201d positiva, segundo Bruno Takeo, estrategista da Potenza Capital. Ao mesmo tempo, indica que o governo se sensibilizou, dado o recente estresse dos mercados financeiros no Brasil em meio ao an\u00fancio da ida do ministro ao continente europeu. \u201cO d\u00f3lar superou R$ 5,80 e os juros explodiram. O cancelamento mostra que o governo se sensibilizou, indica um senso de urg\u00eancia\u201d, afirma Takeo.<\/p>\n<p>Por conta da indefini\u00e7\u00e3o com o fiscal, na sexta-feira (1\u00ba), o d\u00f3lar \u00e0 vista fechou no segundo maior n\u00edvel da hist\u00f3ria, a R$ 5,8694, em alta de 1,53%, com avan\u00e7o forte dos juros futuros. O Ibovespa recuou 1,23%, aos 128.120,75 pontos, o menor n\u00edvel de fechamento desde 7 de agosto, ent\u00e3o aos 127,5 mil pontos.<\/p>\n<p>\u201cDe forma geral \u00e9 uma sinaliza\u00e7\u00e3o positiva para o mercado e para o Brasil. Visto que a situa\u00e7\u00e3o est\u00e1 mais delicada, ver o governo focado em trazer uma resposta concreta e r\u00e1pida \u00e9 importante\u201d, concorda o economista da Manchester Investimentos Thiago Louren\u00e7o. \u201cEssa sinaliza\u00e7\u00e3o de Lula pedindo para o Haddad ficar vem num bom momento. O mercado precisa ter a presen\u00e7a dele aqui voltada para controlar os gastos\u201d, diz Gustavo Riess, s\u00f3cio e assessor da \u00c1vel Investimentos.<\/p>\n<p>Para Gabriel De Biase Berenguer, presidente executivo (CEO) da RJ+ Asset, o governo priorizou os desafios econ\u00f4micos internos e evitou um poss\u00edvel estresse adicional aos mercados. Ele diz que a rea\u00e7\u00e3o dos mercados na abertura de amanh\u00e3 pode ser favor\u00e1vel, mas as a\u00e7\u00f5es concretas dos pr\u00f3ximos dias seguem no radar. <\/p>\n<p>\u201cSe efetivamente essa posterga\u00e7\u00e3o da viagem se d\u00e1 para ter algum an\u00fancio em rela\u00e7\u00e3o ao fiscal, isso \u00e9 bastante positivo\u201d, refor\u00e7a Rodrigo Moliterno, head de Renda Vari\u00e1vel da Veedha Investimentos.<\/p>\n<p>Na mesma linha, Pedro Moreira, s\u00f3cio da One Investimentos, afirma que o cancelamento da viagem em si n\u00e3o deve trazer grande al\u00edvio. \u201cO mercado quer resolu\u00e7\u00f5es pr\u00e1ticas e concretas, an\u00fancios, n\u00e3o mais promessas. Isso controlaria a parte de especula\u00e7\u00e3o que estamos tendo, as press\u00f5es em cima do c\u00e2mbio e da infla\u00e7\u00e3o\u201d, afirma. \u201cS\u00f3 remarcar a viagem n\u00e3o muda nada, dado a calamidade que est\u00e1\u201d, observa Gabriel Meira, especialista e s\u00f3cio da Valor Investimentos. E, para Gustavo Jesus, s\u00f3cio da RGW Investimentos, \u201ccada vez que o governo adia a quest\u00e3o, menos paci\u00eancia o mercado tem\u201d.<\/p>\n<p>Mas a expectativa de Takeo, da Potenza, \u00e9 de que a abertura dos ativos brasileiros amanh\u00e3 seja atenuada, pois o governo pode anunciar o pacote de corte de despesas nos pr\u00f3ximos dias, em vez de fazer isso apenas na semana seguinte. Ele pondera, no entanto, que os ativos ainda podem n\u00e3o devolver todo o pr\u00eamio de risco, uma vez que os investidores e os agentes querem algo concreto.<\/p>\n<p>De acordo com o economista-chefe do BV, Roberto Padovani, com o cancelamento da viagem, o governo anunciar\u00e1 alguma medida fiscal para reduzir as despesas da m\u00e1quina p\u00fablica. E, segundo o analista da Empiricus Research, Matheus Spiess, esse an\u00fancio pode vir logo, talvez at\u00e9 o dia 8 ou 9. O estrategista-chefe do Grupo Laatus, Jefferson Laatus, por sua vez, v\u00ea chance de algo sair j\u00e1 amanh\u00e3. \u201cImagine a press\u00e3o que n\u00e3o ficou em cima do Haddad, que teve de cancelar a viagem. Provavelmente ter\u00e1 de fazer algum an\u00fancio nesta segunda-feira\u201d, estima. Mas, se o an\u00fancio n\u00e3o agradar, Laatus decreta: \u201c\u00c9 d\u00f3lar a R$ 6\u201d.<\/p>\n<p>O economista-s\u00eanior da Tend\u00eancias Consultoria, Silvio Campos Neto, afirma que s\u00f3 mesmo um an\u00fancio de medidas que levem \u00e0 percep\u00e7\u00e3o de responsabilidade fiscal mudar\u00e1 a din\u00e2mica dos ativos brasileiros. \u201cSe houver, \u00e9 o que realmente vai mudar, mesmo que de forma tardia\u201d, afirma<\/p>\n<\/p><\/div>\n<p><br \/>\n<br \/><a href=\"https:\/\/www.canalrural.com.br\/economia\/cancelamento-de-viagem-de-haddad-e-positiva-para-economia-dizem-especialistas\/\">Source link <\/a><\/p>\n","protected":false},"excerpt":{"rendered":"<p>A decis\u00e3o do ministro da Fazenda, Fernando Haddad, de cancelar a viagem que faria \u00e0 Europa ao longo desta semana<\/p>\n","protected":false},"author":1,"featured_media":4406,"comment_status":"open","ping_status":"open","sticky":false,"template":"","format":"standard","meta":{"_monsterinsights_skip_tracking":false,"_monsterinsights_sitenote_active":false,"_monsterinsights_sitenote_note":"","_monsterinsights_sitenote_category":0,"_uf_show_specific_survey":0,"_uf_disable_surveys":false,"footnotes":""},"categories":[1],"tags":[],"class_list":["post-4405","post","type-post","status-publish","format-standard","has-post-thumbnail","hentry","category-news"],"_links":{"self":[{"href":"https:\/\/agromt.news\/index.php?rest_route=\/wp\/v2\/posts\/4405"}],"collection":[{"href":"https:\/\/agromt.news\/index.php?rest_route=\/wp\/v2\/posts"}],"about":[{"href":"https:\/\/agromt.news\/index.php?rest_route=\/wp\/v2\/types\/post"}],"author":[{"embeddable":true,"href":"https:\/\/agromt.news\/index.php?rest_route=\/wp\/v2\/users\/1"}],"replies":[{"embeddable":true,"href":"https:\/\/agromt.news\/index.php?rest_route=%2Fwp%2Fv2%2Fcomments&post=4405"}],"version-history":[{"count":0,"href":"https:\/\/agromt.news\/index.php?rest_route=\/wp\/v2\/posts\/4405\/revisions"}],"wp:featuredmedia":[{"embeddable":true,"href":"https:\/\/agromt.news\/index.php?rest_route=\/wp\/v2\/media\/4406"}],"wp:attachment":[{"href":"https:\/\/agromt.news\/index.php?rest_route=%2Fwp%2Fv2%2Fmedia&parent=4405"}],"wp:term":[{"taxonomy":"category","embeddable":true,"href":"https:\/\/agromt.news\/index.php?rest_route=%2Fwp%2Fv2%2Fcategories&post=4405"},{"taxonomy":"post_tag","embeddable":true,"href":"https:\/\/agromt.news\/index.php?rest_route=%2Fwp%2Fv2%2Ftags&post=4405"}],"curies":[{"name":"wp","href":"https:\/\/api.w.org\/{rel}","templated":true}]}}