{"id":4401,"date":"2024-11-03T13:41:03","date_gmt":"2024-11-03T17:41:03","guid":{"rendered":"https:\/\/agromt.news\/?p=4401"},"modified":"2024-11-03T13:41:03","modified_gmt":"2024-11-03T17:41:03","slug":"nova-regulamentacao-impulsiona-producao-sustentavel-de-mel","status":"publish","type":"post","link":"https:\/\/agromt.news\/?p=4401","title":{"rendered":"nova regulamenta\u00e7\u00e3o impulsiona produ\u00e7\u00e3o sustent\u00e1vel de mel"},"content":{"rendered":"<p> <br \/>\n<br \/><img decoding=\"async\" src=\"https:\/\/agromt.news\/wp-content\/uploads\/2024\/11\/nova-regulamentacao-impulsiona-producao-sustentavel-de-mel.jpg\" \/><\/p>\n<div>\n<p>A Secretaria de Meio Ambiente e Sustentabilidade (Semas) do Par\u00e1 implementou uma nova regulamenta\u00e7\u00e3o para a bioeconomia local, focada na produ\u00e7\u00e3o de mel com abelhas nativas sem ferr\u00e3o (ANSF). A resolu\u00e7\u00e3o simplifica o licenciamento ambiental para a meliponicultura \u2013 nome dado \u00e0 atividade \u2013 e incentiva a preserva\u00e7\u00e3o dessas abelhas.<\/p>\n<p>Al\u00e9m de poder criar e manejar abelhas sem ferr\u00e3o, os meliponicultores no Par\u00e1 podem comercializar colmeias, produtos e subprodutos, como mel, pr\u00f3polis e cera. Essa regulamenta\u00e7\u00e3o transforma a atividade, dando protagonismo aos pequenos produtores na cadeia produtiva do mel e conferindo maior valor agregado a seus produtos.<\/p>\n<p>Adcleia Pereira Pires, produtora de mel e fundadora do s\u00edtio de meliponicultura Eiru Su, celebra o avan\u00e7o. <\/p>\n<p>\u201cDepois de anos, finalmente temos uma resolu\u00e7\u00e3o que n\u00e3o s\u00f3 oficializa a atividade, mas tamb\u00e9m orienta os produtores sobre como formalizar sua participa\u00e7\u00e3o no mercado, garantindo direitos e seguran\u00e7a jur\u00eddica\u201d, diz.<\/p>\n<\/div>\n<div>\n<h2 class=\"wp-block-heading\" id=\"h-processo-de-regulamentacao-do-setor\"><strong>Processo de regulamenta\u00e7\u00e3o do setor<\/strong><\/h2>\n<p>O processo de constru\u00e7\u00e3o da resolu\u00e7\u00e3o foi participativo, com a Semas reunindo-se com meliponicultores do Baixo Amazonas, al\u00e9m de representantes de institui\u00e7\u00f5es p\u00fablicas e entidades ligadas ao setor. <\/p>\n<p>\u201cFoi poss\u00edvel ver nossas demandas expressas no texto da Resolu\u00e7\u00e3o, o que torna esse processo ainda mais leg\u00edtimo\u201d, conta a produtora.<\/p>\n<p>No Par\u00e1, estado que abriga 119 esp\u00e9cies de abelhas nativas sem ferr\u00e3o, o manejo adequado dessas abelhas n\u00e3o s\u00f3 aumenta a produ\u00e7\u00e3o de alimentos, como no caso do a\u00e7a\u00ed, mas tamb\u00e9m fortalece a preserva\u00e7\u00e3o da biodiversidade e a oferta de servi\u00e7os ecossist\u00eamicos. Pesquisas da Embrapa Amaz\u00f4nia Oriental mostram que a presen\u00e7a de colmeias pode aumentar a produtividade dos a\u00e7aizeiros entre 30% e 70%.<\/p>\n<p>Para o secret\u00e1rio-adjunto de gest\u00e3o e regularidade ambiental da Semas, Rodolpho Zahluth Bastos, a regulamenta\u00e7\u00e3o impacta positivamente a bioeconomia. \u201cA nova resolu\u00e7\u00e3o do Coema tem como principal objetivo promover a bioeconomia do mel, possibilitando a certifica\u00e7\u00e3o de origem, agrega\u00e7\u00e3o de valor, amplia\u00e7\u00e3o de mercados e a regularidade comercial de m\u00e9dios e pequenos produtores\u201d, destaca o secret\u00e1rio.<\/p>\n<p>Segundo Selma Santos, assessora da Secretaria Adjunta de Gest\u00e3o e Regularidade Ambiental (Sagra), a nova resolu\u00e7\u00e3o abre portas para incentivos e expans\u00e3o de mercados: \u201cA regularidade ambiental fortalece o acesso a financiamentos e certifica\u00e7\u00f5es, ampliando o valor agregado aos produtos da meliponicultura, e, ao mesmo tempo, protege saberes tradicionais, garantindo a conserva\u00e7\u00e3o ambiental.\u201d<\/p>\n<hr class=\"wp-block-separator has-alpha-channel-opacity\"\/>\n<p><em>Saiba em primeira m\u00e3o informa\u00e7\u00f5es sobre agricultura, pecu\u00e1ria, economia e previs\u00e3o do tempo. <a href=\"https:\/\/news.google.com\/publications\/CAAqBwgKMPKZlQswq_mqAw?ceid=BR:pt-419&amp;oc=3&amp;hl=pt-BR&amp;gl=BR\"><strong>Siga o Canal Rural no Google News<\/strong><\/a>.<\/em>\n\t<\/div>\n<p><br \/>\n<br \/><a href=\"https:\/\/www.canalrural.com.br\/agricultura\/nova-regulamentacao-impulsiona-a-producao-sustentavel-de-mel-no-para\/\">Source link <\/a><\/p>\n","protected":false},"excerpt":{"rendered":"<p>A Secretaria de Meio Ambiente e Sustentabilidade (Semas) do Par\u00e1 implementou uma nova regulamenta\u00e7\u00e3o para a bioeconomia local, focada na<\/p>\n","protected":false},"author":1,"featured_media":4402,"comment_status":"open","ping_status":"open","sticky":false,"template":"","format":"standard","meta":{"_monsterinsights_skip_tracking":false,"_monsterinsights_sitenote_active":false,"_monsterinsights_sitenote_note":"","_monsterinsights_sitenote_category":0,"_uf_show_specific_survey":0,"_uf_disable_surveys":false,"footnotes":""},"categories":[1],"tags":[],"class_list":["post-4401","post","type-post","status-publish","format-standard","has-post-thumbnail","hentry","category-news"],"_links":{"self":[{"href":"https:\/\/agromt.news\/index.php?rest_route=\/wp\/v2\/posts\/4401"}],"collection":[{"href":"https:\/\/agromt.news\/index.php?rest_route=\/wp\/v2\/posts"}],"about":[{"href":"https:\/\/agromt.news\/index.php?rest_route=\/wp\/v2\/types\/post"}],"author":[{"embeddable":true,"href":"https:\/\/agromt.news\/index.php?rest_route=\/wp\/v2\/users\/1"}],"replies":[{"embeddable":true,"href":"https:\/\/agromt.news\/index.php?rest_route=%2Fwp%2Fv2%2Fcomments&post=4401"}],"version-history":[{"count":0,"href":"https:\/\/agromt.news\/index.php?rest_route=\/wp\/v2\/posts\/4401\/revisions"}],"wp:featuredmedia":[{"embeddable":true,"href":"https:\/\/agromt.news\/index.php?rest_route=\/wp\/v2\/media\/4402"}],"wp:attachment":[{"href":"https:\/\/agromt.news\/index.php?rest_route=%2Fwp%2Fv2%2Fmedia&parent=4401"}],"wp:term":[{"taxonomy":"category","embeddable":true,"href":"https:\/\/agromt.news\/index.php?rest_route=%2Fwp%2Fv2%2Fcategories&post=4401"},{"taxonomy":"post_tag","embeddable":true,"href":"https:\/\/agromt.news\/index.php?rest_route=%2Fwp%2Fv2%2Ftags&post=4401"}],"curies":[{"name":"wp","href":"https:\/\/api.w.org\/{rel}","templated":true}]}}