{"id":4362,"date":"2024-11-02T08:34:42","date_gmt":"2024-11-02T12:34:42","guid":{"rendered":"https:\/\/agromt.news\/?p=4362"},"modified":"2024-11-02T08:34:42","modified_gmt":"2024-11-02T12:34:42","slug":"safra-de-soja-avanca-no-brasil-mas-ferrugem-asiatica-preocupa-gauchos","status":"publish","type":"post","link":"https:\/\/agromt.news\/?p=4362","title":{"rendered":"Safra de soja avan\u00e7a no Brasil, mas ferrugem asi\u00e1tica preocupa ga\u00fachos"},"content":{"rendered":"<p> <br \/>\n<\/p>\n<div>\n<div class=\"row\">\n<div class=\"col-lg col-infos mt-3 mt-lg-0\">\n<div class=\"section-sub-title\">\n<p itemprop=\"description\">&#13;<br \/>\n                                Colheita de soja norte-americana est\u00e1 praticamente conclu\u00edda&#13;\n                            <\/p>\n<\/p><\/div>\n<div class=\"container\">\n<div class=\"row\">\n<div class=\"col-lg p-0\">\n<div>\n<div class=\"block-news-main-infos mt-3 text-start\">\n<p>                                            <strong class=\"fn\" itemprop=\"author\" style=\"color: rgb(112, 112, 112); \">&#13;<br \/>\n                                                <a href=\"https:\/\/www.agrolink.com.br\/noticias\/javascript:;\" class=\"text-uppercase\" target=\"_blank\" style=\"color: rgb(112, 112, 112); \" rel=\"noopener\">Agrolink<\/a>&#13;<br \/>\n&#13;<br \/>\n                                                    &#8211; Seane Lennon&#13;<br \/>\n&#13;<br \/>\n                                            <\/strong><br \/>\n                                        <\/p>\n<p>                                            <abbr><time datetime=\"2024-11-01T18:26\" itemprop=\"datePublished dateModified\">Publicado em 01\/11\/2024 \u00e0s 18:26h.<\/time><\/abbr><br \/>\n                                            <\/p><\/div>\n<\/p><\/div>\n<\/p><\/div>\n<div class=\"col-lg p-0 text-lg-end\">\n<div>\n<div id=\"mdEnviarPagina\" class=\"modal fade\" role=\"dialog\">\n<div class=\"modal-dialog\">\n<div class=\"modal-content\">\n<div class=\"modal-body\">\n<p><strong>Estimado usu\u00e1rio.<\/strong><br \/>Preencha o formul\u00e1rio abaixo para remeter a p\u00e1gina.<\/p>\n<\/p><\/div>\n<\/p><\/div>\n<\/p><\/div>\n<\/div><\/div>\n<\/p><\/div>\n<\/p><\/div>\n<\/p><\/div>\n<\/p><\/div>\n<\/p><\/div>\n<div class=\"row justify-content-md-center mt-3\">\n<div class=\"col-lg-auto col-image  block-news-main-image d-none d-md-block\">\n<p>                            <img decoding=\"async\" src=\"https:\/\/www.agrolink.com.br\/upload\/imagens-resizes\/05e8e6f17d8d4bee82accf8038704e95_858x483.jpg\" class=\"lazyload \"\/><br \/>\n                                            <span class=\"publicity-photo d-block mt-1\">Foto: Canva<\/span><\/p><\/div>\n<\/p><\/div>\n<div class=\"section-description section-description-noticias mt-3\">\n<p style=\"text-align:justify\">Segundo a an\u00e1lise semanal da Central Internacional de An\u00e1lises Econ\u00f4micas e de Estudos de Mercado Agropecu\u00e1rio (Ceema), o plantio da nova safra de <a href=\"https:\/\/www.agrolink.com.br\/culturas\/soja?utm_source=agrolink-detalhe-noticia&amp;utm_medium=detalhe-noticia&amp;utm_campaign=links-internos\" target=\"_blank\" rel=\"noopener\">soja<\/a> no Brasil avan\u00e7ou para 36% da \u00e1rea projetada, ligeiramente abaixo do ritmo do ano passado, de acordo com an\u00e1lises da P\u00e1tria Agroneg\u00f3cios e AgRural. No Mato Grosso, maior produtor nacional, o Instituto Mato-grossense de Economia Agropecu\u00e1ria (Imea) indica que 56% da \u00e1rea total foi plantada at\u00e9 25 de outubro, um pouco abaixo da m\u00e9dia hist\u00f3rica de 62,3% para essa \u00e9poca do ano.&#13;\n<\/p>\n<p style=\"text-align:justify\">De acordo com dados do Ceema, com a colheita de soja norte-americana praticamente conclu\u00edda, as aten\u00e7\u00f5es do mercado voltam-se para a Am\u00e9rica do Sul, onde a expectativa \u00e9 de uma safra recorde. A Commstock Investments aponta que, caso o plantio e o desenvolvimento da safra ocorram conforme o esperado, as cota\u00e7\u00f5es da soja em Chicago podem recuar para US$ 9,00 por bushel ou at\u00e9 menos.<\/p>\n<p style=\"text-align:justify\">O banco Rabobank divulgou novas estimativas de plantio para o Brasil, projetando um aumento de 1,5% na \u00e1rea total semeada, que deve alcan\u00e7ar 47 milh\u00f5es de hectares. Em condi\u00e7\u00f5es clim\u00e1ticas normais, o banco estima uma colheita de 167 milh\u00f5es de toneladas. Para compara\u00e7\u00e3o, a Conab registrou uma produ\u00e7\u00e3o de 147,4 milh\u00f5es de toneladas na safra passada, apesar das quebras regionais, conforme informou o Ceema.&#13;\n<\/p>\n<p style=\"text-align:justify\"><a href=\"https:\/\/www.agrolink.com.br\/agrolinkfito\/?utm_source=agrolink-detalhe-noticia&amp;utm_medium=detalhe-noticia&amp;utm_campaign=links-internos\" target=\"_blank\" rel=\"noopener\">Veja mais informa\u00e7\u00f5es sobre fitossanidade no Agrolinkfito<\/a><\/p>\n<p style=\"text-align:justify\">Segundo o Ceema, a\u00a0ferrugem asi\u00e1tica, principal doen\u00e7a que afeta as lavouras de soja no pa\u00eds, j\u00e1 come\u00e7a a ser detectada no Noroeste do Rio Grande do Sul. Dados do programa Monitora Ferrugem RS, que utiliza 74 coletores em diversas \u00e1reas do estado, mostram os primeiros focos da doen\u00e7a, que pode reduzir a produtividade em at\u00e9 90% quando encontra condi\u00e7\u00f5es clim\u00e1ticas favor\u00e1veis.<\/p>\n<\/p><\/div>\n<\/p><\/div>\n<p><script data-cfasync=\"false\">\n    !function (f, b, e, v, n, t, s) {\n        if (f.fbq) return; n = f.fbq = function () {\n            n.callMethod ?\n                n.callMethod.apply(n, arguments) : n.queue.push(arguments)\n        };\n        if (!f._fbq) f._fbq = n; n.push = n; n.loaded = !0; n.version = '2.0';\n        n.queue = []; t = b.createElement(e); t.async = !0;\n        t.src = v; s = b.getElementsByTagName(e)[0];\n        s.parentNode.insertBefore(t, s)\n    }(window, document, 'script',\n        'https:\/\/connect.facebook.net\/en_US\/fbevents.js');\n    fbq('init', '522546078623747');\n    fbq('track', 'PageView');\n<\/script><br \/>\n<br \/><br \/>\n<br \/><a href=\"https:\/\/www.agrolink.com.br\/noticias\/safra-de-soja-avanca-no-brasil--mas-ferrugem-asiatica-preocupa-gauchos_496431.html\">Source link <\/a><\/p>\n","protected":false},"excerpt":{"rendered":"<p>&#13; Colheita de soja norte-americana est\u00e1 praticamente conclu\u00edda&#13; &#13; Agrolink&#13; &#13; &#8211; Seane Lennon&#13; &#13; Publicado em 01\/11\/2024 \u00e0s 18:26h.<\/p>\n","protected":false},"author":1,"featured_media":4363,"comment_status":"open","ping_status":"open","sticky":false,"template":"","format":"standard","meta":{"_monsterinsights_skip_tracking":false,"_monsterinsights_sitenote_active":false,"_monsterinsights_sitenote_note":"","_monsterinsights_sitenote_category":0,"_uf_show_specific_survey":0,"_uf_disable_surveys":false,"footnotes":""},"categories":[8,1,14],"tags":[],"class_list":["post-4362","post","type-post","status-publish","format-standard","has-post-thumbnail","hentry","category-agro","category-news","category-politica-agro"],"_links":{"self":[{"href":"https:\/\/agromt.news\/index.php?rest_route=\/wp\/v2\/posts\/4362"}],"collection":[{"href":"https:\/\/agromt.news\/index.php?rest_route=\/wp\/v2\/posts"}],"about":[{"href":"https:\/\/agromt.news\/index.php?rest_route=\/wp\/v2\/types\/post"}],"author":[{"embeddable":true,"href":"https:\/\/agromt.news\/index.php?rest_route=\/wp\/v2\/users\/1"}],"replies":[{"embeddable":true,"href":"https:\/\/agromt.news\/index.php?rest_route=%2Fwp%2Fv2%2Fcomments&post=4362"}],"version-history":[{"count":0,"href":"https:\/\/agromt.news\/index.php?rest_route=\/wp\/v2\/posts\/4362\/revisions"}],"wp:featuredmedia":[{"embeddable":true,"href":"https:\/\/agromt.news\/index.php?rest_route=\/wp\/v2\/media\/4363"}],"wp:attachment":[{"href":"https:\/\/agromt.news\/index.php?rest_route=%2Fwp%2Fv2%2Fmedia&parent=4362"}],"wp:term":[{"taxonomy":"category","embeddable":true,"href":"https:\/\/agromt.news\/index.php?rest_route=%2Fwp%2Fv2%2Fcategories&post=4362"},{"taxonomy":"post_tag","embeddable":true,"href":"https:\/\/agromt.news\/index.php?rest_route=%2Fwp%2Fv2%2Ftags&post=4362"}],"curies":[{"name":"wp","href":"https:\/\/api.w.org\/{rel}","templated":true}]}}