{"id":4357,"date":"2024-11-02T03:56:03","date_gmt":"2024-11-02T07:56:03","guid":{"rendered":"https:\/\/agromt.news\/?p=4357"},"modified":"2024-11-02T03:56:03","modified_gmt":"2024-11-02T07:56:03","slug":"plantio-do-arroz-avanca-no-rio-grande-do-sul","status":"publish","type":"post","link":"https:\/\/agromt.news\/?p=4357","title":{"rendered":"Plantio do arroz avan\u00e7a no Rio Grande do Sul"},"content":{"rendered":"<p> <br \/>\n<\/p>\n<div>\n<p style=\"text-align:justify\">O Informativo Conjuntural da Emater\/RS-Ascar, divulgado nesta quinta-feira (31), aponta que o plantio de <a href=\"https:\/\/www.agrolink.com.br\/culturas\/arroz\/?utm_source=agrolink-detalhe-noticia&amp;utm_medium=detalhe-noticia&amp;utm_campaign=links-internos\" target=\"_blank\" rel=\"noopener\">arroz<\/a> no Rio Grande do Sul segue em ritmo adequado na maior parte do estado. Com um planejamento estrat\u00e9gico e semeadura dentro do per\u00edodo ideal, a cultura apresenta bom potencial de desenvolvimento, especialmente onde o clima tem colaborado. Entre as pr\u00e1ticas de manejo adotadas est\u00e3o o controle de plantas daninhas e a aduba\u00e7\u00e3o de cobertura, realizados nos momentos apropriados para garantir um crescimento vigoroso.&#13;\n<\/p>\n<p style=\"text-align:justify\"><a href=\"https:\/\/www.agrolink.com.br\/agrotempo?utm_source=agrolink-detalhe-noticia&amp;utm_medium=detalhe-noticia&amp;utm_campaign=links-internos\" target=\"_blank\" rel=\"noopener\">Veja mais informa\u00e7\u00f5es sobre o clima em Agrotempo<\/a><\/p>\n<p style=\"text-align:justify\">No entanto, nas regi\u00f5es da Campanha, Sul e parte das Miss\u00f5es, as chuvas intensas e frequentes resultaram em atraso ou interrup\u00e7\u00e3o na semeadura, exigindo replantio em alguns locais. Nas \u00e1reas mais afetadas, tamb\u00e9m foram necess\u00e1rias reconstru\u00e7\u00f5es de taipas e canais de irriga\u00e7\u00e3o para mitigar o impacto das enxurradas. A queda nas temperaturas ap\u00f3s as chuvas, com registros abaixo de 10\u00b0C na fronteira com o Uruguai, pode prejudicar a germina\u00e7\u00e3o e o desenvolvimento inicial do arroz, aumentando o risco de falhas e dificultando as pr\u00e1ticas de manejo.<\/p>\n<p style=\"text-align:justify\">O Instituto Rio Grandense de Arroz (IRGA) projeta que a \u00e1rea de cultivo de arroz para a safra atual alcance 948.356 hectares, enquanto a Emater\/RS-Ascar estima uma produtividade m\u00e9dia de 8.478 kg\/ha.<\/p>\n<p style=\"text-align:justify\">Na Campanha, os temporais de 24 de outubro paralisaram o plantio, sendo necess\u00e1rios ajustes e poss\u00edveis replantios nas \u00e1reas mais impactadas. Em Dom Pedrito, chuvas de at\u00e9 190 mm foram registradas, somando um acumulado anual que ultrapassa mil mil\u00edmetros no munic\u00edpio. Em outras \u00e1reas, como Alegrete e Ma\u00e7ambar\u00e1, onde o clima teve menor impacto, a semeadura progrediu, atingindo 80% e 75% das \u00e1reas estimadas, respectivamente.&#13;\n<\/p>\n<p style=\"text-align:justify\">Na regi\u00e3o de Pelotas, a semeadura foi retomada gradualmente ap\u00f3s as chuvas, mas permanece abaixo do ritmo registrado em 2023. J\u00e1 em Santa Maria, mais de 30% da \u00e1rea prevista foi plantada, com as lavouras em est\u00e1gios de germina\u00e7\u00e3o ou desenvolvimento vegetativo. Em Cacequi, t\u00e9cnicas de manejo para controle de plantas invasoras foram implementadas, enquanto em Santa Rosa e Soledade, os produtores aguardam a diminui\u00e7\u00e3o da umidade para prosseguir com a semeadura.<\/p>\n<p style=\"text-align:justify\">Quanto \u00e0 comercializa\u00e7\u00e3o, o pre\u00e7o m\u00e9dio da saca de arroz no estado sofreu uma leve queda de 0,32% na semana, passando de R$ 116,32 para R$ 115,95.<\/p>\n<\/p><\/div>\n<p><script data-cfasync=\"false\">\n    !function (f, b, e, v, n, t, s) {\n        if (f.fbq) return; n = f.fbq = function () {\n            n.callMethod ?\n                n.callMethod.apply(n, arguments) : n.queue.push(arguments)\n        };\n        if (!f._fbq) f._fbq = n; n.push = n; n.loaded = !0; n.version = '2.0';\n        n.queue = []; t = b.createElement(e); t.async = !0;\n        t.src = v; s = b.getElementsByTagName(e)[0];\n        s.parentNode.insertBefore(t, s)\n    }(window, document, 'script',\n        'https:\/\/connect.facebook.net\/en_US\/fbevents.js');\n    fbq('init', '522546078623747');\n    fbq('track', 'PageView');\n<\/script><br \/>\n<br \/><br \/>\n<br \/><a href=\"https:\/\/www.agrolink.com.br\/noticias\/plantio-do-arroz-avanca-no-rio-grande-do-sul_496433.html\">Source link <\/a><\/p>\n","protected":false},"excerpt":{"rendered":"<p>O Informativo Conjuntural da Emater\/RS-Ascar, divulgado nesta quinta-feira (31), aponta que o plantio de arroz no Rio Grande do Sul<\/p>\n","protected":false},"author":1,"featured_media":4358,"comment_status":"open","ping_status":"open","sticky":false,"template":"","format":"standard","meta":{"_monsterinsights_skip_tracking":false,"_monsterinsights_sitenote_active":false,"_monsterinsights_sitenote_note":"","_monsterinsights_sitenote_category":0,"_uf_show_specific_survey":0,"_uf_disable_surveys":false,"footnotes":""},"categories":[8,1,14],"tags":[],"class_list":["post-4357","post","type-post","status-publish","format-standard","has-post-thumbnail","hentry","category-agro","category-news","category-politica-agro"],"_links":{"self":[{"href":"https:\/\/agromt.news\/index.php?rest_route=\/wp\/v2\/posts\/4357"}],"collection":[{"href":"https:\/\/agromt.news\/index.php?rest_route=\/wp\/v2\/posts"}],"about":[{"href":"https:\/\/agromt.news\/index.php?rest_route=\/wp\/v2\/types\/post"}],"author":[{"embeddable":true,"href":"https:\/\/agromt.news\/index.php?rest_route=\/wp\/v2\/users\/1"}],"replies":[{"embeddable":true,"href":"https:\/\/agromt.news\/index.php?rest_route=%2Fwp%2Fv2%2Fcomments&post=4357"}],"version-history":[{"count":0,"href":"https:\/\/agromt.news\/index.php?rest_route=\/wp\/v2\/posts\/4357\/revisions"}],"wp:featuredmedia":[{"embeddable":true,"href":"https:\/\/agromt.news\/index.php?rest_route=\/wp\/v2\/media\/4358"}],"wp:attachment":[{"href":"https:\/\/agromt.news\/index.php?rest_route=%2Fwp%2Fv2%2Fmedia&parent=4357"}],"wp:term":[{"taxonomy":"category","embeddable":true,"href":"https:\/\/agromt.news\/index.php?rest_route=%2Fwp%2Fv2%2Fcategories&post=4357"},{"taxonomy":"post_tag","embeddable":true,"href":"https:\/\/agromt.news\/index.php?rest_route=%2Fwp%2Fv2%2Ftags&post=4357"}],"curies":[{"name":"wp","href":"https:\/\/api.w.org\/{rel}","templated":true}]}}