{"id":4348,"date":"2024-11-01T21:59:00","date_gmt":"2024-11-02T01:59:00","guid":{"rendered":"https:\/\/agromt.news\/?p=4348"},"modified":"2024-11-01T21:59:00","modified_gmt":"2024-11-02T01:59:00","slug":"governo-de-sp-incentiva-o-cultivo-de-cafe-canefora","status":"publish","type":"post","link":"https:\/\/agromt.news\/?p=4348","title":{"rendered":"Governo de SP incentiva o cultivo de caf\u00e9 can\u00e9fora"},"content":{"rendered":"<p> <br \/>\n<br \/><img decoding=\"async\" src=\"https:\/\/agromt.news\/wp-content\/uploads\/2024\/11\/Governo-de-SP-incentiva-o-cultivo-de-cafe-canefora.jpg\" \/><\/p>\n<div>\n<p>O governo de S\u00e3o Paulo lan\u00e7ou nessa quinta-feira (31) o Programa Estadual de Incentivo ao Cultivo de Coffea Canephora.<\/p>\n<p>A iniciativa, que pretende revitalizar a cafeicultura na regi\u00e3o centro-oeste, oeste e noroeste do estado, \u201coferece alternativas para produtores rurais e amplia a competitividade do setor\u201d, disse a Secretaria de Agricultura em nota.<\/p>\n<p>S\u00e3o Paulo \u00e9 um dos principais estados produtores do caf\u00e9 ar\u00e1bica. O programa tem como meta aumentar a produ\u00e7\u00e3o estadual, incentivando o cultivo de can\u00e9fora (robusta ou conilon), um tipo diferente de gr\u00e3o, para atender \u00e0 crescente demanda do mercado dom\u00e9stico e internacional, fomentando a inova\u00e7\u00e3o, sustentabilidade ambiental e econ\u00f4mica da cafeicultura.<\/p>\n<h2>Maiores produtores de caf\u00e9 can\u00e9fora<\/h2>\n<p>O can\u00e9fora representa cerca de 40% da produ\u00e7\u00e3o mundial de caf\u00e9, conforme a Secretaria. Os maiores produtores s\u00e3o Vietn\u00e3, seguido de pa\u00edses como Brasil, Indon\u00e9sia, \u00cdndia e Uganda.<\/p>\n<\/div>\n<div>\n<p>A medida \u00e9 uma parceria da Secretaria de Agricultura e Abastecimento com a C\u00e2mara Setorial do Caf\u00e9, com a Ag\u00eancia Paulista de Tecnologia dos Agroneg\u00f3cios (Apta), a Coordenadoria de Assist\u00eancia T\u00e9cnica Integral (Cati) e a Funda\u00e7\u00e3o Instituto de Terras do Estado de S\u00e3o Paulo (Itesp), al\u00e9m do apoio do setor privado especialmente aqueles colegiados na C\u00e2mara Setorial do Caf\u00e9.<\/p>\n<h2><b>Sal\u00e1rios dos pesquisadores<\/b><\/h2>\n<p>Na ocasi\u00e3o, a Associa\u00e7\u00e3o dos Pesquisadores Cient\u00edficos do Estado de S\u00e3o Paulo (APqC) reivindicou valoriza\u00e7\u00e3o da pesquisa p\u00fablica em carta aberta \u00e0 Secretaria de Agricultura e Abastecimento. O documento foi entregue ao secret\u00e1rio Guilherme Piai.<\/p>\n<p>O estado de S\u00e3o Paulo tem, atualmente, 16 Institutos P\u00fablicos de Pesquisa nas \u00e1reas de Agricultura, Sa\u00fade e Meio Ambiente. Apesar de ser o estado mais rico da na\u00e7\u00e3o, paga os piores sal\u00e1rios para pesquisadores, segundo a APqC.<\/p>\n<p>\u201cVivenciamos uma diferen\u00e7a salarial gritante com carreiras similares federais como a <a href=\"https:\/\/www.canalrural.com.br\/tag\/embrapa\/\"><strong>Embrapa<\/strong><\/a> e a Fiocruz, al\u00e9m de termos tido uma perda salarial de 54,19% nos \u00faltimos 11 anos. Ainda, dentro da carreira, existem pesquisadores (16%) que obtiveram \u00eaxito judicial e recebem o dobro salarial de um pesquisador que n\u00e3o obteve a mesma decis\u00e3o, apesar de desenvolverem as mesmas fun\u00e7\u00f5es\u201d, diz a carta.<\/p>\n<\/p><\/div>\n<p><br \/>\n<br \/><a href=\"https:\/\/www.canalrural.com.br\/agricultura\/programa-de-incentivo-ao-cultivo-de-cafe-canefora-e-lancado\/\">Source link <\/a><\/p>\n","protected":false},"excerpt":{"rendered":"<p>O governo de S\u00e3o Paulo lan\u00e7ou nessa quinta-feira (31) o Programa Estadual de Incentivo ao Cultivo de Coffea Canephora. A<\/p>\n","protected":false},"author":1,"featured_media":4349,"comment_status":"open","ping_status":"open","sticky":false,"template":"","format":"standard","meta":{"_monsterinsights_skip_tracking":false,"_monsterinsights_sitenote_active":false,"_monsterinsights_sitenote_note":"","_monsterinsights_sitenote_category":0,"_uf_show_specific_survey":0,"_uf_disable_surveys":false,"footnotes":""},"categories":[1],"tags":[],"class_list":["post-4348","post","type-post","status-publish","format-standard","has-post-thumbnail","hentry","category-news"],"_links":{"self":[{"href":"https:\/\/agromt.news\/index.php?rest_route=\/wp\/v2\/posts\/4348"}],"collection":[{"href":"https:\/\/agromt.news\/index.php?rest_route=\/wp\/v2\/posts"}],"about":[{"href":"https:\/\/agromt.news\/index.php?rest_route=\/wp\/v2\/types\/post"}],"author":[{"embeddable":true,"href":"https:\/\/agromt.news\/index.php?rest_route=\/wp\/v2\/users\/1"}],"replies":[{"embeddable":true,"href":"https:\/\/agromt.news\/index.php?rest_route=%2Fwp%2Fv2%2Fcomments&post=4348"}],"version-history":[{"count":0,"href":"https:\/\/agromt.news\/index.php?rest_route=\/wp\/v2\/posts\/4348\/revisions"}],"wp:featuredmedia":[{"embeddable":true,"href":"https:\/\/agromt.news\/index.php?rest_route=\/wp\/v2\/media\/4349"}],"wp:attachment":[{"href":"https:\/\/agromt.news\/index.php?rest_route=%2Fwp%2Fv2%2Fmedia&parent=4348"}],"wp:term":[{"taxonomy":"category","embeddable":true,"href":"https:\/\/agromt.news\/index.php?rest_route=%2Fwp%2Fv2%2Fcategories&post=4348"},{"taxonomy":"post_tag","embeddable":true,"href":"https:\/\/agromt.news\/index.php?rest_route=%2Fwp%2Fv2%2Ftags&post=4348"}],"curies":[{"name":"wp","href":"https:\/\/api.w.org\/{rel}","templated":true}]}}