{"id":4344,"date":"2024-11-01T21:05:11","date_gmt":"2024-11-02T01:05:11","guid":{"rendered":"https:\/\/agromt.news\/?p=4344"},"modified":"2024-11-01T21:05:11","modified_gmt":"2024-11-02T01:05:11","slug":"tres-fazendas-do-para-tem-cadastros-ambientais-rurais-cancelados-em-definitivo","status":"publish","type":"post","link":"https:\/\/agromt.news\/?p=4344","title":{"rendered":"Tr\u00eas fazendas do Par\u00e1 t\u00eam Cadastros Ambientais Rurais cancelados em definitivo"},"content":{"rendered":"<p> <br \/>\n<br \/><img decoding=\"async\" src=\"https:\/\/agromt.news\/wp-content\/uploads\/2024\/11\/Tres-fazendas-do-Para-tem-Cadastros-Ambientais-Rurais-cancelados-em.jpeg\" \/><\/p>\n<div>\n<p>Em uma medida para garantir a integridade do novo projeto de concess\u00e3o para recupera\u00e7\u00e3o florestal, o Governo do Estado do Par\u00e1, por meio da Secretaria de Estado de Meio Ambiente e Sustentabilidade (Semas), cancelou Cadastros Ambientais Rurais <strong><a href=\"https:\/\/www.canalrural.com.br\/tag\/car\/\">(CAR)<\/a><\/strong> sobrepostos ao Projeto de Unidade de Recupera\u00e7\u00e3o Triunfo do Xingu.<\/p>\n<p>A decis\u00e3o inclui as fazendas Canto Verde, Lacerda e Recreio, situadas nos munic\u00edpios de Altamira e S\u00e3o F\u00e9lix do Xingu, no sudoeste e sudeste do estado.<\/p>\n<h2 class=\"wp-block-heading\" id=\"h-retomada-de-area\">Retomada de \u00e1rea<\/h2>\n<p>A medida surge ap\u00f3s uma an\u00e1lise das interven\u00e7\u00f5es em terras p\u00fablicas dentro das \u00c1reas de Prote\u00e7\u00e3o Ambiental (APA), que culminaram em decis\u00e3o judicial de retomada da \u00e1rea pelo governo estadual. <\/p>\n<p>Entre as recomenda\u00e7\u00f5es legais foi determinado o cancelamento do CAR dessas fazendas, com base em registros de desmatamento e falta de conformidade dos propriet\u00e1rios com a legisla\u00e7\u00e3o ambiental.<\/p>\n<p>Os documentos da Semas apontam que os registros ambientais da Fazenda Recreio e da Fazenda Lacerda, suspensos desde julho de 2023, foram cancelados definitivamente. <\/p>\n<p>Esses cadastros, de acordo com dados do sistema de monitoramento Prodes\/Inpe, apresentaram desmatamento superior a <strong>50 hectares<\/strong> entre 2018 e 2022, impactando negativamente a \u00e1rea de prote\u00e7\u00e3o. <\/p>\n<\/div>\n<div>\n<p>Notificadas desde 2020 e 2022, os respons\u00e1veis pelos cadastros n\u00e3o responderam \u00e0s exig\u00eancias ambientais, levando \u00e0 medida administrativa mais severa.<\/p>\n<h2 class=\"wp-block-heading\" id=\"h-cancelamento-do-car\">Cancelamento do CAR<\/h2>\n<p>A Fazenda Canto Verde, que permanecia com o CAR ativo e validado desde 2022, tamb\u00e9m teve seu cadastro cancelado em conson\u00e2ncia ao art. 51 da IN n\u00b0 02\/2014, que define que o cancelamento do CAR pode ocorrer desde que motivado por decis\u00e3o judicial ou decis\u00e3o administrativa do \u00f3rg\u00e3o competente devidamente justificada.<\/p>\n<p>Segundo o secret\u00e1rio de Estado de Meio Ambiente e Sustentabilidade do Par\u00e1, Raul Prot\u00e1zio Rom\u00e3o, as a\u00e7\u00f5es visam combater o avan\u00e7o do desmatamento e garantir que \u00e1reas protegidas como a APA Triunfo do Xingu permane\u00e7am preservadas.<\/p>\n<p>\u201cO governo estadual refor\u00e7ou seu compromisso de manter a Amaz\u00f4nia preservada e ressaltou que n\u00e3o tolerar\u00e1 abusos em \u00e1reas de prote\u00e7\u00e3o, especialmente diante de um cen\u00e1rio de crescente press\u00e3o sobre a floresta amaz\u00f4nica\u201d, afirmou.<\/p>\n<p>O secret\u00e1rio afirma que tudo isso faz parte de uma estrat\u00e9gia mais ampla de controle e fiscaliza\u00e7\u00e3o ambiental. \u201cEstamos trabalhando para assegurar que cada \u00e1rea no Par\u00e1 seja utilizada de forma sustent\u00e1vel. As florestas e as \u00e1reas de preserva\u00e7\u00e3o s\u00e3o ativos importantes, e a gest\u00e3o ambiental respons\u00e1vel \u00e9 uma prioridade nossa\u201d, completa. <\/p>\n<p><em>As informa\u00e7\u00f5es partem da Ag\u00eancia Especial de Comunica\u00e7\u00e3o Social (Ascom) do Governo do Par\u00e1<\/em><\/p>\n<hr class=\"wp-block-separator has-alpha-channel-opacity\"\/>\n<p><em>Saiba em primeira m\u00e3o informa\u00e7\u00f5es sobre agricultura, pecu\u00e1ria, economia e previs\u00e3o do tempo. <a href=\"https:\/\/news.google.com\/publications\/CAAqBwgKMPKZlQswq_mqAw?ceid=BR:pt-419&amp;oc=3&amp;hl=pt-BR&amp;gl=BR\"><strong>Siga o Canal Rural no Google News<\/strong><\/a>.<\/em>\n\t<\/div>\n<p><br \/>\n<br \/><a href=\"https:\/\/www.canalrural.com.br\/agricultura\/tres-fazendas-do-para-tem-cadastros-ambientais-rurais-cancelados-em-definitivo\/\">Source link <\/a><\/p>\n","protected":false},"excerpt":{"rendered":"<p>Em uma medida para garantir a integridade do novo projeto de concess\u00e3o para recupera\u00e7\u00e3o florestal, o Governo do Estado do<\/p>\n","protected":false},"author":1,"featured_media":4345,"comment_status":"open","ping_status":"open","sticky":false,"template":"","format":"standard","meta":{"_monsterinsights_skip_tracking":false,"_monsterinsights_sitenote_active":false,"_monsterinsights_sitenote_note":"","_monsterinsights_sitenote_category":0,"_uf_show_specific_survey":0,"_uf_disable_surveys":false,"footnotes":""},"categories":[1],"tags":[],"class_list":["post-4344","post","type-post","status-publish","format-standard","has-post-thumbnail","hentry","category-news"],"_links":{"self":[{"href":"https:\/\/agromt.news\/index.php?rest_route=\/wp\/v2\/posts\/4344"}],"collection":[{"href":"https:\/\/agromt.news\/index.php?rest_route=\/wp\/v2\/posts"}],"about":[{"href":"https:\/\/agromt.news\/index.php?rest_route=\/wp\/v2\/types\/post"}],"author":[{"embeddable":true,"href":"https:\/\/agromt.news\/index.php?rest_route=\/wp\/v2\/users\/1"}],"replies":[{"embeddable":true,"href":"https:\/\/agromt.news\/index.php?rest_route=%2Fwp%2Fv2%2Fcomments&post=4344"}],"version-history":[{"count":0,"href":"https:\/\/agromt.news\/index.php?rest_route=\/wp\/v2\/posts\/4344\/revisions"}],"wp:featuredmedia":[{"embeddable":true,"href":"https:\/\/agromt.news\/index.php?rest_route=\/wp\/v2\/media\/4345"}],"wp:attachment":[{"href":"https:\/\/agromt.news\/index.php?rest_route=%2Fwp%2Fv2%2Fmedia&parent=4344"}],"wp:term":[{"taxonomy":"category","embeddable":true,"href":"https:\/\/agromt.news\/index.php?rest_route=%2Fwp%2Fv2%2Fcategories&post=4344"},{"taxonomy":"post_tag","embeddable":true,"href":"https:\/\/agromt.news\/index.php?rest_route=%2Fwp%2Fv2%2Ftags&post=4344"}],"curies":[{"name":"wp","href":"https:\/\/api.w.org\/{rel}","templated":true}]}}