{"id":4308,"date":"2024-11-01T02:11:31","date_gmt":"2024-11-01T06:11:31","guid":{"rendered":"https:\/\/agromt.news\/?p=4308"},"modified":"2024-11-01T02:11:31","modified_gmt":"2024-11-01T06:11:31","slug":"enchentes-devastam-agricultura-na-espanha","status":"publish","type":"post","link":"https:\/\/agromt.news\/?p=4308","title":{"rendered":"Enchentes devastam agricultura na Espanha"},"content":{"rendered":"<p> <br \/>\n<\/p>\n<div>\n<p>Segundo a Uni\u00f3n de Peque\u00f1os Agricultores y Ganaderos de Andaluc\u00eda (UPA Andaluc\u00eda), a recente depress\u00e3o isolada em altos n\u00edveis (DANA) causou estragos significativos na agricultura da Espanha, especialmente em Andaluzia. Esse fen\u00f4meno resultou em danos consider\u00e1veis nos cultivos e nas infraestruturas rurais, como estradas e sistemas de irriga\u00e7\u00e3o. As prov\u00edncias mais afetadas foram Almer\u00eda, M\u00e1laga, Granada e C\u00e1diz. Enquanto algumas \u00e1reas, como os olivares de Ja\u00e9n e C\u00f3rdoba, receberam importantes volumes de \u00e1gua, a regi\u00e3o oriental de Almer\u00eda enfrenta uma seca extrema, sem chuvas registradas.&#13;\n<\/p>\n<p>Na parte ocidental da Andaluzia, as chuvas intensas geraram grandes preju\u00edzos. Em Jerez de la Frontera, na prov\u00edncia de C\u00e1diz, foram registrados at\u00e9 120 litros de \u00e1gua em 12 horas, resultando em inunda\u00e7\u00f5es em diversas propriedades. Em M\u00e1laga, muitos cultivos e infraestruturas agr\u00e1rias sofreram danos significativos, principalmente no Vale do Guadalhorce, Antequera e Axarqu\u00eda. O cultivo mais afetado foi o de c\u00edtricos, o que complicou a colheita da azeitona que havia come\u00e7ado recentemente. Por outro lado, regi\u00f5es como a Sierra Norte de Sevilha e partes de C\u00f3rdoba, Ja\u00e9n, Huelva e Granada tiveram chuvas ben\u00e9ficas.<\/p>\n<p>A situa\u00e7\u00e3o em Almer\u00eda \u00e9 alarmante. A tempestade de granizo, acompanhada de chuvas intensas e ventos fortes, causou danos devastadores, especialmente em estufas e cultivos. A avalia\u00e7\u00e3o inicial indica que os agricultores sofreram perdas superiores a 30 milh\u00f5es de euros, principalmente em El Ejido, onde o granizo, com at\u00e9 8 cent\u00edmetros de di\u00e2metro, destruiu completamente os pl\u00e1sticos das estufas. Isso resultou na perda de 11.300 hectares de cultivos, incluindo tomates, piment\u00f5es, abobrinhas e pepinos.&#13;\n<\/p>\n<p>As enchentes repentinas severas resultaram na morte de pelo menos 158 pessoas, com equipes de emerg\u00eancia ainda em busca de dezenas de desaparecidos. V\u00e1rias localidades no sul e leste da Espanha foram atingidas por at\u00e9 300 mm de chuva em poucas horas na ter\u00e7a-feira (30), a pior precipita\u00e7\u00e3o em Val\u00eancia em 28 anos, segundo a AEMET.\u00a0<br \/>&#13;<br \/>\n\u00a0<\/p>\n<\/p><\/div>\n<p><script data-cfasync=\"false\">\n    !function (f, b, e, v, n, t, s) {\n        if (f.fbq) return; n = f.fbq = function () {\n            n.callMethod ?\n                n.callMethod.apply(n, arguments) : n.queue.push(arguments)\n        };\n        if (!f._fbq) f._fbq = n; n.push = n; n.loaded = !0; n.version = '2.0';\n        n.queue = []; t = b.createElement(e); t.async = !0;\n        t.src = v; s = b.getElementsByTagName(e)[0];\n        s.parentNode.insertBefore(t, s)\n    }(window, document, 'script',\n        'https:\/\/connect.facebook.net\/en_US\/fbevents.js');\n    fbq('init', '522546078623747');\n    fbq('track', 'PageView');\n<\/script><br \/>\n<br \/><br \/>\n<br \/><a href=\"https:\/\/www.agrolink.com.br\/noticias\/enchentes-devastam-agricultura-na-espanha_496390.html\">Source link <\/a><\/p>\n","protected":false},"excerpt":{"rendered":"<p>Segundo a Uni\u00f3n de Peque\u00f1os Agricultores y Ganaderos de Andaluc\u00eda (UPA Andaluc\u00eda), a recente depress\u00e3o isolada em altos n\u00edveis (DANA)<\/p>\n","protected":false},"author":1,"featured_media":4309,"comment_status":"open","ping_status":"open","sticky":false,"template":"","format":"standard","meta":{"_monsterinsights_skip_tracking":false,"_monsterinsights_sitenote_active":false,"_monsterinsights_sitenote_note":"","_monsterinsights_sitenote_category":0,"_uf_show_specific_survey":0,"_uf_disable_surveys":false,"footnotes":""},"categories":[8,1,14],"tags":[],"class_list":["post-4308","post","type-post","status-publish","format-standard","has-post-thumbnail","hentry","category-agro","category-news","category-politica-agro"],"_links":{"self":[{"href":"https:\/\/agromt.news\/index.php?rest_route=\/wp\/v2\/posts\/4308"}],"collection":[{"href":"https:\/\/agromt.news\/index.php?rest_route=\/wp\/v2\/posts"}],"about":[{"href":"https:\/\/agromt.news\/index.php?rest_route=\/wp\/v2\/types\/post"}],"author":[{"embeddable":true,"href":"https:\/\/agromt.news\/index.php?rest_route=\/wp\/v2\/users\/1"}],"replies":[{"embeddable":true,"href":"https:\/\/agromt.news\/index.php?rest_route=%2Fwp%2Fv2%2Fcomments&post=4308"}],"version-history":[{"count":0,"href":"https:\/\/agromt.news\/index.php?rest_route=\/wp\/v2\/posts\/4308\/revisions"}],"wp:featuredmedia":[{"embeddable":true,"href":"https:\/\/agromt.news\/index.php?rest_route=\/wp\/v2\/media\/4309"}],"wp:attachment":[{"href":"https:\/\/agromt.news\/index.php?rest_route=%2Fwp%2Fv2%2Fmedia&parent=4308"}],"wp:term":[{"taxonomy":"category","embeddable":true,"href":"https:\/\/agromt.news\/index.php?rest_route=%2Fwp%2Fv2%2Fcategories&post=4308"},{"taxonomy":"post_tag","embeddable":true,"href":"https:\/\/agromt.news\/index.php?rest_route=%2Fwp%2Fv2%2Ftags&post=4308"}],"curies":[{"name":"wp","href":"https:\/\/api.w.org\/{rel}","templated":true}]}}