{"id":4302,"date":"2024-10-31T23:27:04","date_gmt":"2024-11-01T03:27:04","guid":{"rendered":"https:\/\/agromt.news\/?p=4302"},"modified":"2024-10-31T23:27:04","modified_gmt":"2024-11-01T03:27:04","slug":"consumo-nos-supermercados-cresce-252-no-acumulado-do-ano","status":"publish","type":"post","link":"https:\/\/agromt.news\/?p=4302","title":{"rendered":"Consumo nos supermercados cresce 2,52% no acumulado do ano"},"content":{"rendered":"<p> <br \/>\n<\/p>\n<div>\n<div class=\"row\">\n<div class=\"col-lg col-infos mt-3 mt-lg-0\">\n<div class=\"section-sub-title\">\n<p itemprop=\"description\">&#13;<br \/>\n                                Em setembro, houve alta de 0,95% em rela\u00e7\u00e3o a igual m\u00eas de 2023&#13;<br \/>\n&#13;\n                            <\/p>\n<\/p><\/div>\n<div class=\"container\">\n<div class=\"row\">\n<div class=\"col-lg p-0 text-lg-end\">\n<div>\n<div id=\"mdEnviarPagina\" class=\"modal fade\" role=\"dialog\">\n<div class=\"modal-dialog\">\n<div class=\"modal-content\">\n<div class=\"modal-body\">\n<p><strong>Estimado usu\u00e1rio.<\/strong><br \/>Preencha o formul\u00e1rio abaixo para remeter a p\u00e1gina.<\/p>\n<\/p><\/div>\n<\/p><\/div>\n<\/p><\/div>\n<\/div><\/div>\n<\/p><\/div>\n<\/p><\/div>\n<\/p><\/div>\n<\/p><\/div>\n<\/p><\/div>\n<div class=\"row justify-content-md-center mt-3\">\n<div class=\"col-lg-auto col-image  block-news-main-image d-none d-md-block\">\n<p>                            <img decoding=\"async\" src=\"https:\/\/www.agrolink.com.br\/upload\/imagens-resizes\/75c11395f54b46efa5436034b3bddf85_858x483.jpg\" class=\"lazyload \"\/><br \/>\n                                            <span class=\"publicity-photo d-block mt-1\">Foto: Pixabay<\/span><\/p><\/div>\n<\/p><\/div>\n<div class=\"section-description section-description-noticias mt-3\">\n<p style=\"text-align:justify\">O consumo dos brasileiros nos supermercados acumula alta de 2,52% nos nove primeiros meses de 2024 em compara\u00e7\u00e3o a igual per\u00edodo do ano passado. Os dados, divulgados nesta quinta-feira (31), s\u00e3o da Associa\u00e7\u00e3o Brasileira de Supermercados (Abras).<\/p>\n<p style=\"text-align:justify\">Em setembro de 2024, o consumo teve eleva\u00e7\u00e3o de 0,95% em rela\u00e7\u00e3o ao mesmo m\u00eas do ano passado. J\u00e1 em compara\u00e7\u00e3o a agosto de 2024, o consumo teve queda de 1,3%, influenciado pelo \u201cefeito calend\u00e1rio\u201d: agosto teve um dia a mais de final de semana e o Dia dos Pais, o que eleva o consumo.&#13;\n<\/p>\n<p style=\"text-align:justify\">De acordo com a Abras, em setembro, o consumo foi impulsionado pelos repasses do governo federal para o programa Bolsa Fam\u00edlia (montante de R$ 14,14 bilh\u00f5es para 20,71 milh\u00f5es de benefici\u00e1rios); a restitui\u00e7\u00e3o do Imposto de Renda para Pessoa F\u00edsica (R$ 1,03 bilh\u00e3o para mais de 511 mil de contribuintes); e a libera\u00e7\u00e3o de R$ 2,7 bilh\u00f5es de Requisi\u00e7\u00f5es de Pequeno Valor (RPVs) para aposentados e pensionistas do Instituto Nacional do Seguro Social (INSS).&#13;\n<\/p>\n<p style=\"text-align:justify\">Segundo a Abras, nos pr\u00f3ximos meses, devem impulsionar o consumo o pagamento do d\u00e9cimo terceiro sal\u00e1rio dos trabalhadores formais; os lotes residuais de restitui\u00e7\u00e3o do Imposto de Renda; parcelas mensais do calend\u00e1rio do Bolsa Fam\u00edlia e bimensais do Aux\u00edlio-G\u00e1s; e o resgate do montante de R$ 228,6 milh\u00f5es em abono salarial referente ao PIS \/Pasep para mais de 247 mil trabalhadores que ainda n\u00e3o sacaram o benef\u00edcio.&#13;\n<\/p>\n<\/p><\/div>\n<\/p><\/div>\n<p><script data-cfasync=\"false\">\n    !function (f, b, e, v, n, t, s) {\n        if (f.fbq) return; n = f.fbq = function () {\n            n.callMethod ?\n                n.callMethod.apply(n, arguments) : n.queue.push(arguments)\n        };\n        if (!f._fbq) f._fbq = n; n.push = n; n.loaded = !0; n.version = '2.0';\n        n.queue = []; t = b.createElement(e); t.async = !0;\n        t.src = v; s = b.getElementsByTagName(e)[0];\n        s.parentNode.insertBefore(t, s)\n    }(window, document, 'script',\n        'https:\/\/connect.facebook.net\/en_US\/fbevents.js');\n    fbq('init', '522546078623747');\n    fbq('track', 'PageView');\n<\/script><br \/>\n<br \/><br \/>\n<br \/><a href=\"https:\/\/www.agrolink.com.br\/noticias\/consumo-nos-supermercados-cresce-2-52--no-acumulado-do-ano_496391.html\">Source link <\/a><\/p>\n","protected":false},"excerpt":{"rendered":"<p>&#13; Em setembro, houve alta de 0,95% em rela\u00e7\u00e3o a igual m\u00eas de 2023&#13; &#13; Estimado usu\u00e1rio.Preencha o formul\u00e1rio abaixo<\/p>\n","protected":false},"author":1,"featured_media":3190,"comment_status":"open","ping_status":"open","sticky":false,"template":"","format":"standard","meta":{"_monsterinsights_skip_tracking":false,"_monsterinsights_sitenote_active":false,"_monsterinsights_sitenote_note":"","_monsterinsights_sitenote_category":0,"_uf_show_specific_survey":0,"_uf_disable_surveys":false,"footnotes":""},"categories":[8,1,14],"tags":[],"class_list":["post-4302","post","type-post","status-publish","format-standard","has-post-thumbnail","hentry","category-agro","category-news","category-politica-agro"],"_links":{"self":[{"href":"https:\/\/agromt.news\/index.php?rest_route=\/wp\/v2\/posts\/4302"}],"collection":[{"href":"https:\/\/agromt.news\/index.php?rest_route=\/wp\/v2\/posts"}],"about":[{"href":"https:\/\/agromt.news\/index.php?rest_route=\/wp\/v2\/types\/post"}],"author":[{"embeddable":true,"href":"https:\/\/agromt.news\/index.php?rest_route=\/wp\/v2\/users\/1"}],"replies":[{"embeddable":true,"href":"https:\/\/agromt.news\/index.php?rest_route=%2Fwp%2Fv2%2Fcomments&post=4302"}],"version-history":[{"count":0,"href":"https:\/\/agromt.news\/index.php?rest_route=\/wp\/v2\/posts\/4302\/revisions"}],"wp:featuredmedia":[{"embeddable":true,"href":"https:\/\/agromt.news\/index.php?rest_route=\/wp\/v2\/media\/3190"}],"wp:attachment":[{"href":"https:\/\/agromt.news\/index.php?rest_route=%2Fwp%2Fv2%2Fmedia&parent=4302"}],"wp:term":[{"taxonomy":"category","embeddable":true,"href":"https:\/\/agromt.news\/index.php?rest_route=%2Fwp%2Fv2%2Fcategories&post=4302"},{"taxonomy":"post_tag","embeddable":true,"href":"https:\/\/agromt.news\/index.php?rest_route=%2Fwp%2Fv2%2Ftags&post=4302"}],"curies":[{"name":"wp","href":"https:\/\/api.w.org\/{rel}","templated":true}]}}