{"id":4294,"date":"2024-10-31T21:23:23","date_gmt":"2024-11-01T01:23:23","guid":{"rendered":"https:\/\/agromt.news\/?p=4294"},"modified":"2024-10-31T21:23:23","modified_gmt":"2024-11-01T01:23:23","slug":"atraso-no-plantio-de-soja-em-mt-preocupa","status":"publish","type":"post","link":"https:\/\/agromt.news\/?p=4294","title":{"rendered":"Atraso no plantio de soja em MT preocupa"},"content":{"rendered":"<p> <br \/>\n<\/p>\n<div>\n<div class=\"row\">\n<div class=\"col-lg col-infos mt-3 mt-lg-0\">\n<div class=\"section-sub-title\">\n<p itemprop=\"description\">&#13;<br \/>\n                                Esse in\u00edcio seco da safra cria um ambiente prop\u00edcio \u00e0 prolifera\u00e7\u00e3o de pragas&#13;\n                            <\/p>\n<\/p><\/div>\n<div class=\"container\">\n<div class=\"row\">\n<div class=\"col-lg p-0\">\n<div>\n<div class=\"block-news-main-infos mt-3 text-start\">\n<p>                                            <strong class=\"fn\" itemprop=\"author\" style=\"color: rgb(112, 112, 112); \">&#13;<br \/>\n                                                <a href=\"https:\/\/www.agrolink.com.br\/noticias\/javascript:;\" class=\"text-uppercase\" target=\"_blank\" style=\"color: rgb(112, 112, 112); \" rel=\"noopener\">Agrolink<\/a>&#13;<br \/>\n&#13;<br \/>\n                                                    &#8211; Leonardo Gottems&#13;<br \/>\n&#13;<br \/>\n                                            <\/strong><br \/>\n                                        <\/p>\n<p>                                            <abbr><time datetime=\"2024-10-31T17:39\" itemprop=\"datePublished dateModified\">Publicado em 31\/10\/2024 \u00e0s 17:39h.<\/time><\/abbr><br \/>\n                                            <\/p><\/div>\n<\/p><\/div>\n<\/p><\/div>\n<div class=\"col-lg p-0 text-lg-end\">\n<div>\n<div id=\"mdEnviarPagina\" class=\"modal fade\" role=\"dialog\">\n<div class=\"modal-dialog\">\n<div class=\"modal-content\">\n<div class=\"modal-body\">\n<p><strong>Estimado usu\u00e1rio.<\/strong><br \/>Preencha o formul\u00e1rio abaixo para remeter a p\u00e1gina.<\/p>\n<\/p><\/div>\n<\/p><\/div>\n<\/p><\/div>\n<\/div><\/div>\n<\/p><\/div>\n<\/p><\/div>\n<\/p><\/div>\n<\/p><\/div>\n<\/p><\/div>\n<div class=\"row justify-content-md-center mt-3\">\n<div class=\"col-lg-auto col-image  block-news-main-image d-none d-md-block\">\n<p>                            <img decoding=\"async\" src=\"https:\/\/www.agrolink.com.br\/upload\/imagens-resizes\/59b6f442c49746cb8b0dcd39754853e9_858x483.jpg\" class=\"lazyload \" alt=\"Esse in\u00edcio seco da safra cria um ambiente prop\u00edcio \u00e0 prolifera\u00e7\u00e3o de pragas e doen\u00e7as\"\/><br \/>\n                                            <span class=\"d-block mt-1\">Esse in\u00edcio seco da safra cria um ambiente prop\u00edcio \u00e0 prolifera\u00e7\u00e3o de pragas e doen\u00e7as &#8211; Foto: Pixabay<\/span><\/p><\/div>\n<\/p><\/div>\n<div class=\"section-description section-description-noticias mt-3\">\n<p>O atraso no plantio de <a href=\"https:\/\/www.agrolink.com.br\/culturas\/soja?utm_source=agrolink-detalhe-noticia&amp;utm_medium=detalhe-noticia&amp;utm_campaign=links-internos\" target=\"_blank\" rel=\"noopener\">soja<\/a> em Mato Grosso representa um desafio significativo, exigindo dos produtores planejamento cuidadoso e pr\u00e1ticas de manejo adequadas. Segundo o boletim do Instituto Mato-Grossense de Economia Agropecu\u00e1ria (Imea), o plantio apresenta um atraso de 14,32 pontos percentuais em rela\u00e7\u00e3o ao mesmo per\u00edodo da safra anterior e de 6,59 pontos na compara\u00e7\u00e3o com a m\u00e9dia dos \u00faltimos cinco anos. A irregularidade das chuvas impediu o cumprimento do calend\u00e1rio da safra 2024\/25, resultando em apenas 55,73% dos 12,66 milh\u00f5es de hectares previstos semeados at\u00e9 meados de outubro, em compara\u00e7\u00e3o aos 65% do ano anterior.&#13;\n<\/p>\n<p>Esse in\u00edcio seco da safra cria um ambiente prop\u00edcio \u00e0 prolifera\u00e7\u00e3o de pragas e doen\u00e7as, devido \u00e0s plantas debilitadas. A orienta\u00e7\u00e3o de consultorias t\u00e9cnicas \u00e9 fundamental nesse contexto. A Funda\u00e7\u00e3o de Apoio \u00e0 Pesquisa Agropecu\u00e1ria de Mato Grosso (Funda\u00e7\u00e3o MT) disponibiliza ferramentas para auxiliar na tomada de decis\u00f5es. A Dra. Lucia Vivan, especialista em entomologia da Funda\u00e7\u00e3o, alerta que a seca pode acelerar a coloniza\u00e7\u00e3o da mosca branca, ocasionando danos em est\u00e1gios iniciais da soja, como fumagina e queda de folhas.&#13;\n<\/p>\n<p>Al\u00e9m disso, a falta de \u00e1gua provoca estresse nas plantas, tornando-as mais vulner\u00e1veis ao ataque de nematoides. Segundo a Dra. Tania Santos, especialista em nematologia da Funda\u00e7\u00e3o, a falta de conhecimento sobre a infesta\u00e7\u00e3o pode agravar problemas, especialmente em anos de seca. Diagnosticar precocemente a presen\u00e7a desses parasitas \u00e9 crucial para adotar estrat\u00e9gias eficazes, como o uso de cultivares resistentes e rota\u00e7\u00e3o de culturas. Essas medidas s\u00e3o essenciais para garantir a sustentabilidade da produ\u00e7\u00e3o agr\u00edcola em Mato Grosso diante de condi\u00e7\u00f5es clim\u00e1ticas adversas.&#13;\n<\/p>\n<\/p><\/div>\n<\/p><\/div>\n<p><script data-cfasync=\"false\">\n    !function (f, b, e, v, n, t, s) {\n        if (f.fbq) return; n = f.fbq = function () {\n            n.callMethod ?\n                n.callMethod.apply(n, arguments) : n.queue.push(arguments)\n        };\n        if (!f._fbq) f._fbq = n; n.push = n; n.loaded = !0; n.version = '2.0';\n        n.queue = []; t = b.createElement(e); t.async = !0;\n        t.src = v; s = b.getElementsByTagName(e)[0];\n        s.parentNode.insertBefore(t, s)\n    }(window, document, 'script',\n        'https:\/\/connect.facebook.net\/en_US\/fbevents.js');\n    fbq('init', '522546078623747');\n    fbq('track', 'PageView');\n<\/script><br \/>\n<br \/><br \/>\n<br \/><a href=\"https:\/\/www.agrolink.com.br\/noticias\/atraso-no-plantio-de-soja-em-mt-preocupa_496392.html\">Source link <\/a><\/p>\n","protected":false},"excerpt":{"rendered":"<p>&#13; Esse in\u00edcio seco da safra cria um ambiente prop\u00edcio \u00e0 prolifera\u00e7\u00e3o de pragas&#13; &#13; Agrolink&#13; &#13; &#8211; Leonardo Gottems&#13;<\/p>\n","protected":false},"author":1,"featured_media":4295,"comment_status":"open","ping_status":"open","sticky":false,"template":"","format":"standard","meta":{"_monsterinsights_skip_tracking":false,"_monsterinsights_sitenote_active":false,"_monsterinsights_sitenote_note":"","_monsterinsights_sitenote_category":0,"_uf_show_specific_survey":0,"_uf_disable_surveys":false,"footnotes":""},"categories":[8,1,14],"tags":[],"class_list":["post-4294","post","type-post","status-publish","format-standard","has-post-thumbnail","hentry","category-agro","category-news","category-politica-agro"],"_links":{"self":[{"href":"https:\/\/agromt.news\/index.php?rest_route=\/wp\/v2\/posts\/4294"}],"collection":[{"href":"https:\/\/agromt.news\/index.php?rest_route=\/wp\/v2\/posts"}],"about":[{"href":"https:\/\/agromt.news\/index.php?rest_route=\/wp\/v2\/types\/post"}],"author":[{"embeddable":true,"href":"https:\/\/agromt.news\/index.php?rest_route=\/wp\/v2\/users\/1"}],"replies":[{"embeddable":true,"href":"https:\/\/agromt.news\/index.php?rest_route=%2Fwp%2Fv2%2Fcomments&post=4294"}],"version-history":[{"count":0,"href":"https:\/\/agromt.news\/index.php?rest_route=\/wp\/v2\/posts\/4294\/revisions"}],"wp:featuredmedia":[{"embeddable":true,"href":"https:\/\/agromt.news\/index.php?rest_route=\/wp\/v2\/media\/4295"}],"wp:attachment":[{"href":"https:\/\/agromt.news\/index.php?rest_route=%2Fwp%2Fv2%2Fmedia&parent=4294"}],"wp:term":[{"taxonomy":"category","embeddable":true,"href":"https:\/\/agromt.news\/index.php?rest_route=%2Fwp%2Fv2%2Fcategories&post=4294"},{"taxonomy":"post_tag","embeddable":true,"href":"https:\/\/agromt.news\/index.php?rest_route=%2Fwp%2Fv2%2Ftags&post=4294"}],"curies":[{"name":"wp","href":"https:\/\/api.w.org\/{rel}","templated":true}]}}