{"id":4293,"date":"2024-10-31T21:13:00","date_gmt":"2024-11-01T01:13:00","guid":{"rendered":"https:\/\/agromt.news\/?p=4293"},"modified":"2024-10-31T21:13:00","modified_gmt":"2024-11-01T01:13:00","slug":"plantio-de-soja-no-rs-avanca-confira-os-dados-da-semeadura","status":"publish","type":"post","link":"https:\/\/agromt.news\/?p=4293","title":{"rendered":"Plantio de soja no RS avan\u00e7a; confira os dados da semeadura"},"content":{"rendered":"<p> <br \/>\n<br \/><img decoding=\"async\" src=\"https:\/\/agromt.news\/wp-content\/uploads\/2024\/10\/Apesar-de-desafios-Bahia-inicia-nova-safra-de-graos-com.jpg\" \/><\/p>\n<div>\n<p>O plantio de <a href=\"https:\/\/www.canalrural.com.br\/agricultura\/projeto-soja-brasil\/\">soja <\/a>no Rio Grande do Sul avan\u00e7ou para 10% da \u00e1rea total estimada, segundo informa\u00e7\u00f5es da <a href=\"https:\/\/www.emater.tche.br\/site\/index.php\">Emater\/RS<\/a>. Na semana passada, o percentual estava em 3%, o mesmo observado no mesmo per\u00edodo do ano passado. A m\u00e9dia dos \u00faltimos cinco anos para essa \u00e9poca do ano \u00e9 de 16%.<\/p>\n<p>A expans\u00e3o das atividades de plantio foi especialmente notada em grandes propriedades e em regi\u00f5es onde n\u00e3o h\u00e1 colheita de trigo ou semeadura de arroz no momento. As lavouras semeadas at\u00e9 agora mostram uma emerg\u00eancia r\u00e1pida e uniforme, com um estande de plantas considerado satisfat\u00f3rio. Essas condi\u00e7\u00f5es s\u00e3o resultados das boas taxas de umidade e temperatura do solo.<\/p>\n<p class=\"has-text-align-center\"><em>Confira na palma da m\u00e3o informa\u00e7\u00f5es quentes sobre agricultura, pecu\u00e1ria, economia e previs\u00e3o do tempo:<\/em><a href=\"https:\/\/www.whatsapp.com\/channel\/0029Va9VnZxGk1FplZjiW43k\"><em>\u00a0<\/em><strong>siga o Canal Rural no WhatsApp<\/strong><\/a>!<\/p>\n<p>A maior parte dos agricultores continua concentrada na colheita e na desseca\u00e7\u00e3o das restevas de trigo, aveia, canola e pastagens, com o preparo do terreno para o plantio de soja previsto para continuar ao longo de novembro.<\/p>\n<\/div>\n<div>\n<p>A Emater\/RS-Ascar refor\u00e7a a import\u00e2ncia da aten\u00e7\u00e3o ao ciclo de matura\u00e7\u00e3o das cultivares e \u00e0 classifica\u00e7\u00e3o dos solos em rela\u00e7\u00e3o \u00e0 \u00e1gua dispon\u00edvel. Essas orienta\u00e7\u00f5es visam garantir que o plantio ocorra dentro da janela preferencial, com baixos riscos e atendendo \u00e0s exig\u00eancias do Proagro, que oferece cobertura contra eventuais preju\u00edzos.<\/p>\n<p>A \u00e1rea total projetada para cultivo de soja \u00e9 de aproximadamente 6.811.344 hectares, com uma produtividade m\u00e9dia estimada em 3.179 kg\/ha. A expectativa \u00e9 que, com as condi\u00e7\u00f5es clim\u00e1ticas favor\u00e1veis, a safra deste ano possa ser promissora para os produtores do estado.<\/p>\n<p>As informa\u00e7\u00f5es s\u00e3o da <a href=\"https:\/\/safras.com.br\/#google_vignette\">Safras &amp; Mercado. <\/a><\/p>\n<\/p><\/div>\n<p><br \/>\n<br \/><a href=\"https:\/\/www.canalrural.com.br\/agricultura\/projeto-soja-brasil\/plantio-de-soja-no-rs-avanca-confira-os-dados-da-semeadura\/\">Source link <\/a><\/p>\n","protected":false},"excerpt":{"rendered":"<p>O plantio de soja no Rio Grande do Sul avan\u00e7ou para 10% da \u00e1rea total estimada, segundo informa\u00e7\u00f5es da Emater\/RS.<\/p>\n","protected":false},"author":1,"featured_media":3529,"comment_status":"open","ping_status":"open","sticky":false,"template":"","format":"standard","meta":{"_monsterinsights_skip_tracking":false,"_monsterinsights_sitenote_active":false,"_monsterinsights_sitenote_note":"","_monsterinsights_sitenote_category":0,"_uf_show_specific_survey":0,"_uf_disable_surveys":false,"footnotes":""},"categories":[1],"tags":[],"class_list":["post-4293","post","type-post","status-publish","format-standard","has-post-thumbnail","hentry","category-news"],"_links":{"self":[{"href":"https:\/\/agromt.news\/index.php?rest_route=\/wp\/v2\/posts\/4293"}],"collection":[{"href":"https:\/\/agromt.news\/index.php?rest_route=\/wp\/v2\/posts"}],"about":[{"href":"https:\/\/agromt.news\/index.php?rest_route=\/wp\/v2\/types\/post"}],"author":[{"embeddable":true,"href":"https:\/\/agromt.news\/index.php?rest_route=\/wp\/v2\/users\/1"}],"replies":[{"embeddable":true,"href":"https:\/\/agromt.news\/index.php?rest_route=%2Fwp%2Fv2%2Fcomments&post=4293"}],"version-history":[{"count":0,"href":"https:\/\/agromt.news\/index.php?rest_route=\/wp\/v2\/posts\/4293\/revisions"}],"wp:featuredmedia":[{"embeddable":true,"href":"https:\/\/agromt.news\/index.php?rest_route=\/wp\/v2\/media\/3529"}],"wp:attachment":[{"href":"https:\/\/agromt.news\/index.php?rest_route=%2Fwp%2Fv2%2Fmedia&parent=4293"}],"wp:term":[{"taxonomy":"category","embeddable":true,"href":"https:\/\/agromt.news\/index.php?rest_route=%2Fwp%2Fv2%2Fcategories&post=4293"},{"taxonomy":"post_tag","embeddable":true,"href":"https:\/\/agromt.news\/index.php?rest_route=%2Fwp%2Fv2%2Ftags&post=4293"}],"curies":[{"name":"wp","href":"https:\/\/api.w.org\/{rel}","templated":true}]}}