{"id":4285,"date":"2024-10-31T17:56:03","date_gmt":"2024-10-31T21:56:03","guid":{"rendered":"https:\/\/agromt.news\/?p=4285"},"modified":"2024-10-31T17:56:03","modified_gmt":"2024-10-31T21:56:03","slug":"como-fica-o-tempo-no-fim-de-semana-de-finados","status":"publish","type":"post","link":"https:\/\/agromt.news\/?p=4285","title":{"rendered":"Como fica o tempo no fim de semana de Finados"},"content":{"rendered":"<p> <br \/>\n<br \/><img decoding=\"async\" src=\"https:\/\/agromt.news\/wp-content\/uploads\/2024\/10\/Chuva-acima-ou-abaixo-da-media-Inmet-te-mostra-previsao.jpg\" \/><\/p>\n<div>\n<p>O tempo vai ficar inst\u00e1vel no Brasil neste s\u00e1bado (2), Dia de Finados. De acordo com a Climatempo, muitos estados poder\u00e3o ter fortes pancadas de chuva, que poder\u00e3o causar transtornos nos centros urbanos e tamb\u00e9m dificultar o deslocamento das pessoas.<\/p>\n<p>Confira agora como fica a previs\u00e3o do tempo para o fim de semana de 2 e 3 de novembro de 2024, para todas as regi\u00f5es do Brasil.<\/p>\n<h2 class=\"wp-block-heading\" id=\"h-sul\">Sul<\/h2>\n<p>Quase todas as \u00e1reas ter\u00e3o um fim de semana com predom\u00ednio de sol, com calor \u00e0 tarde. Na regi\u00e3o da Grande Curitiba, no litoral do <strong><a href=\"https:\/\/www.canalrural.com.br\/nacional\/parana\/\">Paran\u00e1 <\/a><\/strong>e tamb\u00e9m no Vale do Itaja\u00ed e no litoral norte de Santa Catarina, uma n\u00e9voa deve deixar o c\u00e9u nublado no come\u00e7o da manh\u00e3, mas depois o sol aparece.<\/p>\n<p>A aproxima\u00e7\u00e3o de uma frente fria no Rio Grande do Sul vai provocar pancadas de chuva com raios, j\u00e1 pela manh\u00e3, na fronteira com Uruguai e com a Argentina, e em \u00e1reas oeste e norte do Paran\u00e1. <\/p>\n<p>O centro e o sul do Paran\u00e1 e o oeste de Santa Catarina poder\u00e3o ter algumas pancadas de chuva a partir da tarde.<\/p>\n<p>No domingo (3), a frente fria se afasta em alto mar, mas o litoral sul ga\u00facho ainda poder\u00e1 ter algumas pancadas de chuva.<\/p>\n<p>O que vai chamar aten\u00e7\u00e3o no domingo \u00e9 o grande aumento da instabilidade no Paran\u00e1. Pancadas de chuva com raios poder\u00e3o acontecer por quase todo o estado, v\u00e1rias vezes ao longo do dia. A chance de chuva em Curitiba \u00e9 baixa.<\/p>\n<p>Em Florian\u00f3polis e Porto Alegre, o fim de semana ser\u00e1 com predom\u00ednio de sol e algumas nuvens, mas n\u00e3o h\u00e1 expectativa de chuva.<\/p>\n<h2 class=\"wp-block-heading\" id=\"h-sudeste\">Sudeste<\/h2>\n<p>O Dia de Finados ter\u00e1 per\u00edodos com sol pela manh\u00e3 e, apesar da presen\u00e7a de nuvens, a maior parte da regi\u00e3o n\u00e3o deve ter chuva no per\u00edodo da manh\u00e3. \u00c1reas no norte e oeste de S\u00e3o Paulo, assim como no Tri\u00e2ngulo Mineiro, poder\u00e3o ter pancadas de chuva na manh\u00e3 do s\u00e1bado.<\/p>\n<p>Com aquecimento ao longo do dia, a nebulosidade aumenta e pancadas de chuva com raios devem ser esperadas na tarde e noite do s\u00e1bado em praticamente todas as \u00e1reas do Sudeste. Aten\u00e7\u00e3o tamb\u00e9m para fortes pancadas de chuva no centro-oeste norte de S\u00e3o Paulo e no centro-oeste de Minas Gerais.<\/p>\n<p>Entre as capitais, as pancadas de chuva podem ter intensidade de moderada a forte em S\u00e3o Paulo e Belo Horizonte. Para o Rio de Janeiro, a previs\u00e3o \u00e9 de um s\u00e1bado com alguns per\u00edodos de sol, sempre com algumas nuvens, mas a chance de alguma chuva \u00e9 baixa. Na regi\u00e3o de Vit\u00f3ria, assim como todo Esp\u00edrito Santo, o feriado de Finados ter\u00e1 muita nebulosidade e condi\u00e7\u00f5es para a chuva de fraca a moderada intensidade.<\/p>\n<p>J\u00e1 no domingo, a previs\u00e3o \u00e9 de que o tempo fique mais inst\u00e1vel em toda a regi\u00e3o , com maiores condi\u00e7\u00f5es para chuva.<\/p>\n<p>Em muitas \u00e1reas no centro, oeste e norte de S\u00e3o Paulo, na regi\u00e3o do Tri\u00e2ngulo Mineiro, Serra da Canastra, Grande Belo Horizonte e centro-oeste de Minas Gerais, o domingo j\u00e1 deve ter chuva na madrugada e pela manh\u00e3.<\/p>\n<p>Ao longo do dia, essas \u00e1reas de instabilidade v\u00e3o ganhando for\u00e7a e se espalhando pelo Sudeste. Por isso, para a tarde e noite no domingo, a previs\u00e3o \u00e9 de muitas pancadas de chuva em todas as \u00e1reas paulistas e mineiras. <\/p>\n<p>Segundo a Climatempo, tamb\u00e9m h\u00e1 risco de pancadas de chuva no interior do Rio de Janeiro e no Esp\u00edrito Santo. H\u00e1 risco de chuva forte em S\u00e3o Paulo e Minas Gerais.<\/p>\n<\/div>\n<div>\n<p>Nas capitais, aten\u00e7\u00e3o para pancadas de chuva que podem ser moderadas a fortes em S\u00e3o Paulo e Belo Horizonte. Na regi\u00e3o de Vit\u00f3ria, a previs\u00e3o \u00e9 de chuvas moderadas. No Rio de Janeiro, a nebulosidade aumenta ao longo do dia, mas a possibilidade de chuva \u00e9 pequena.<\/p>\n<h2 class=\"wp-block-heading\" id=\"h-centro-oeste\">Centro-Oeste<\/h2>\n<p>A regi\u00e3o \u00e9 a que ter\u00e1 o tempo mais inst\u00e1vel neste fim de semana. Na maioria das \u00e1reas, o s\u00e1bado ter\u00e1 per\u00edodos com sol pela manh\u00e3, mas j\u00e1 com risco de pancadas de chuva de forte intensidade na fronteira com o Paraguai e no sul e leste de Mato Grosso do Sul.<\/p>\n<p>No decorrer da tarde, as \u00e1reas de instabilidade se intensificam e se expandem em todo o territ\u00f3rio do Centro-Oeste.<\/p>\n<p>A expectativa \u00e9 de que a tarde do Dia de Finados tenha tempo muito inst\u00e1vel, com pancadas de chuva e raios em todas as \u00e1reas do Centro-Oeste. H\u00e1 risco de chuva forte.<\/p>\n<p>Campo Grande, Goi\u00e2nia, Cuiab\u00e1 e Bras\u00edlia poder\u00e3o registrar pancadas intensas.<\/p>\n<p>A previs\u00e3o do tempo indica que essa instabilidade continue no domingo. Toda a regi\u00e3o ter\u00e1 muita nebulosidade e condi\u00e7\u00f5es para pancadas de chuva na madrugada e pela manh\u00e3. Novamente as \u00e1reas de instabilidade se intensificam durante a tarde, aumentando o risco para temporais, inclusive nas capitais.<\/p>\n<h2 class=\"wp-block-heading\" id=\"h-nordeste\">Nordeste<\/h2>\n<p>De todas as regi\u00f5es do pa\u00eds, o Nordeste \u00e9 a que estar\u00e1 menos sujeita a chuva no Dia de Finados.<\/p>\n<p>Tanto no s\u00e1bado quanto no domingo, praticamente todo a regi\u00e3o ter\u00e1 sol, calor e algumas nuvens. Chuvas fracas e passageiras poder\u00e3o ocorrer no litoral leste, incluindo todas as capitais Natal, Jo\u00e3o Pessoa, Recife, Macei\u00f3, Aracaju e Salvador.<\/p>\n<p>Aten\u00e7\u00e3o, no entanto, para pancadas de chuva frequentes no s\u00e1bado e tamb\u00e9m no domingo no litoral sul baiano, com risco de chuva forte. Pancadas de chuva tamb\u00e9m devem ocorrer nas \u00e1reas da Bahia pr\u00f3ximas a Minas Gerais.<\/p>\n<p>Teresina deve ser a capital mais quente do Brasil neste fim de semana, com calor que pode chegar a 40\u202f\u00b0C.<\/p>\n<h2 class=\"wp-block-heading\" id=\"h-norte\">Norte<\/h2>\n<p>Haver\u00e1 predom\u00ednio de sol e bastante calor em Roraima, Amap\u00e1 e norte do Par\u00e1. Nessas \u00e1reas, a chance de alguma precipita\u00e7\u00e3o \u00e9 pequena.<\/p>\n<p>\u00c1reas ao centro-oeste e sul do Amazonas, Acre, Rond\u00f4nia, sul do Par\u00e1 e Tocantins, por sua vez, ter\u00e3o muitas nuvens e pancadas de chuva frequentes no s\u00e1badoo. Alguns per\u00edodos com sol ocorrem durante o dia e as pancadas ficam mais fortes \u00e0 tarde e \u00e0 noite.<\/p>\n<p>Entre as capitais, a Climatempo aponta risco alto de chuva no s\u00e1bado em Rio Branco, Porto Velho e Palmas. Para Manaus, h\u00e1 possibilidade de chuva a partir da tarde. Em Bel\u00e9m, Macap\u00e1 e Boa Vista, a chance de chuva \u00e9 baixa no feriado de Finados.<\/p>\n<p>Para o domingo, a previs\u00e3o \u00e9 de que as pancadas de chuva j\u00e1 comecem pela manh\u00e3 no oeste e sul do Amazonas, no Acre, em Rond\u00f4nia, no extremo sul do Par\u00e1 e no Tocantins. Nas demais \u00e1reas da regi\u00e3o, o sol deve aparecer forte pela manh\u00e3.<\/p>\n<p>No decorrer do dia, as \u00e1reas de instabilidade se intensificam e h\u00e1 risco de chuva forte na maioria das \u00e1reas do Norte.<\/p>\n<p>Em Roraima, no Amap\u00e1 e no extremo norte do Par\u00e1, o sol predomina ao longo do domingo e n\u00e3o h\u00e1 expectativa de chuva. A regi\u00e3o de Manaus deve ter pancadas de chuva a partir da tarde.<\/p>\n<\/p><\/div>\n<p><br \/>\n<br \/><a href=\"https:\/\/www.canalrural.com.br\/diversos\/como-fica-o-tempo-no-fim-de-semana-de-finados\/\">Source link <\/a><\/p>\n","protected":false},"excerpt":{"rendered":"<p>O tempo vai ficar inst\u00e1vel no Brasil neste s\u00e1bado (2), Dia de Finados. De acordo com a Climatempo, muitos estados<\/p>\n","protected":false},"author":1,"featured_media":3113,"comment_status":"open","ping_status":"open","sticky":false,"template":"","format":"standard","meta":{"_monsterinsights_skip_tracking":false,"_monsterinsights_sitenote_active":false,"_monsterinsights_sitenote_note":"","_monsterinsights_sitenote_category":0,"_uf_show_specific_survey":0,"_uf_disable_surveys":false,"footnotes":""},"categories":[1],"tags":[],"class_list":["post-4285","post","type-post","status-publish","format-standard","has-post-thumbnail","hentry","category-news"],"_links":{"self":[{"href":"https:\/\/agromt.news\/index.php?rest_route=\/wp\/v2\/posts\/4285"}],"collection":[{"href":"https:\/\/agromt.news\/index.php?rest_route=\/wp\/v2\/posts"}],"about":[{"href":"https:\/\/agromt.news\/index.php?rest_route=\/wp\/v2\/types\/post"}],"author":[{"embeddable":true,"href":"https:\/\/agromt.news\/index.php?rest_route=\/wp\/v2\/users\/1"}],"replies":[{"embeddable":true,"href":"https:\/\/agromt.news\/index.php?rest_route=%2Fwp%2Fv2%2Fcomments&post=4285"}],"version-history":[{"count":0,"href":"https:\/\/agromt.news\/index.php?rest_route=\/wp\/v2\/posts\/4285\/revisions"}],"wp:featuredmedia":[{"embeddable":true,"href":"https:\/\/agromt.news\/index.php?rest_route=\/wp\/v2\/media\/3113"}],"wp:attachment":[{"href":"https:\/\/agromt.news\/index.php?rest_route=%2Fwp%2Fv2%2Fmedia&parent=4285"}],"wp:term":[{"taxonomy":"category","embeddable":true,"href":"https:\/\/agromt.news\/index.php?rest_route=%2Fwp%2Fv2%2Fcategories&post=4285"},{"taxonomy":"post_tag","embeddable":true,"href":"https:\/\/agromt.news\/index.php?rest_route=%2Fwp%2Fv2%2Ftags&post=4285"}],"curies":[{"name":"wp","href":"https:\/\/api.w.org\/{rel}","templated":true}]}}