{"id":4270,"date":"2024-10-31T11:55:33","date_gmt":"2024-10-31T15:55:33","guid":{"rendered":"https:\/\/agromt.news\/?p=4270"},"modified":"2024-10-31T11:55:33","modified_gmt":"2024-10-31T15:55:33","slug":"seca-gera-preocupacoes-para-colheita-de-inverno-no-sudeste-da-europa","status":"publish","type":"post","link":"https:\/\/agromt.news\/?p=4270","title":{"rendered":"Seca gera preocupa\u00e7\u00f5es para colheita de inverno no sudeste da Europa"},"content":{"rendered":"<p> <br \/>\n<\/p>\n<div>\n<div class=\"row\">\n<div class=\"col-lg col-infos mt-3 mt-lg-0\">\n<div class=\"section-sub-title\">\n<p itemprop=\"description\">&#13;<br \/>\n                                Chuvas causam atrasos na colheita de ver\u00e3o&#13;\n                            <\/p>\n<\/p><\/div>\n<div class=\"container\">\n<div class=\"row\">\n<div class=\"col-lg p-0\">\n<div>\n<div class=\"block-news-main-infos mt-3 text-start\">\n<p>                                            <strong class=\"fn\" itemprop=\"author\" style=\"color: rgb(112, 112, 112); \">&#13;<br \/>\n                                                <a href=\"https:\/\/www.agrolink.com.br\/noticias\/javascript:;\" class=\"text-uppercase\" target=\"_blank\" style=\"color: rgb(112, 112, 112); \" rel=\"noopener\">Agrolink<\/a>&#13;<br \/>\n&#13;<br \/>\n                                                    &#8211; Seane Lennon&#13;<br \/>\n&#13;<br \/>\n                                            <\/strong><br \/>\n                                        <\/p>\n<p>                                            <abbr><time datetime=\"2024-10-30T17:10\" itemprop=\"datePublished dateModified\">Publicado em 30\/10\/2024 \u00e0s 17:10h.<\/time><\/abbr><br \/>\n                                            <\/p><\/div>\n<\/p><\/div>\n<\/p><\/div>\n<div class=\"col-lg p-0 text-lg-end\">\n<div>\n<div id=\"mdEnviarPagina\" class=\"modal fade\" role=\"dialog\">\n<div class=\"modal-dialog\">\n<div class=\"modal-content\">\n<div class=\"modal-body\">\n<p><strong>Estimado usu\u00e1rio.<\/strong><br \/>Preencha o formul\u00e1rio abaixo para remeter a p\u00e1gina.<\/p>\n<\/p><\/div>\n<\/p><\/div>\n<\/p><\/div>\n<\/div><\/div>\n<\/p><\/div>\n<\/p><\/div>\n<\/p><\/div>\n<\/p><\/div>\n<\/p><\/div>\n<div class=\"row justify-content-md-center mt-3\">\n<div class=\"col-lg-auto col-image  block-news-main-image d-none d-md-block\">\n<p>                            <img decoding=\"async\" src=\"https:\/\/www.agrolink.com.br\/upload\/imagens-resizes\/3e707dc3e30844c9b65f181a01e61541_858x483.jpg\" class=\"lazyload \"\/><br \/>\n                                            <span class=\"publicity-photo d-block mt-1\">Foto: Pixabay<\/span><\/p><\/div>\n<\/p><\/div>\n<div class=\"section-description section-description-noticias mt-3\">\n<p style=\"text-align:justify\">Segundo o Weekly Weather and Crop Bulletin, divulgado na ter\u00e7a-feira (29) pelo Departamento de Agricultura dos Estados Unidos (USDA), a Europa Ocidental enfrentou uma semana de chuvas moderadas a intensas, com precipita\u00e7\u00f5es variando entre 2 e 100 mm, afetando principalmente Inglaterra, Fran\u00e7a, Espanha e It\u00e1lia. Esse cen\u00e1rio garantiu umidade adequada a excessiva para as culturas de inverno, mas atrasou a colheita de safras de ver\u00e3o. No entanto, chuvas mais intensas, variando de 100 a 320 mm, causaram inunda\u00e7\u00f5es em \u00e1reas localizadas do leste da Espanha, sul da Fran\u00e7a e partes da It\u00e1lia, especialmente no norte e oeste do pa\u00eds.&#13;\n<\/p>\n<p style=\"text-align:justify\">De acordo com o boletim, na Alemanha, as precipita\u00e7\u00f5es foram mais leves, abaixo de 5 mm, ap\u00f3s um m\u00eas com chuvas acima do normal (200 a 300% da m\u00e9dia), o que facilitou o trabalho de campo. Em contraste, o sudeste da Europa experimentou condi\u00e7\u00f5es clim\u00e1ticas secas, agravando preocupa\u00e7\u00f5es com a seca na Hungria e no Vale Central do Rio Dan\u00fabio, \u00e1reas cr\u00edticas para o estabelecimento das culturas de inverno.<\/p>\n<p style=\"text-align:justify\"><a href=\"https:\/\/www.agrolink.com.br\/agrotempo?utm_source=agrolink-detalhe-noticia&amp;utm_medium=detalhe-noticia&amp;utm_campaign=links-internos\" target=\"_blank\" rel=\"noopener\">Veja mais informa\u00e7\u00f5es sobre o clima em Agrotempo<\/a><\/p>\n<p style=\"text-align:justify\">Enquanto isso, o tempo seco e ensolarado favoreceu as opera\u00e7\u00f5es agr\u00edcolas na Pol\u00f4nia e nos Estados B\u00e1lticos. No entanto, a falta de chuva nos \u00faltimos 30 dias reduziu a umidade superficial em partes da Litu\u00e2nia e Let\u00f4nia, com precipita\u00e7\u00f5es chegando a menos de 50% do normal.&#13;\n<\/p>\n<p style=\"text-align:justify\">As temperaturas na maior parte da Europa permaneceram entre 2 a 5\u00b0C acima da m\u00e9dia, exceto pelo oeste da Espanha e o baixo Vale do Dan\u00fabio, que registraram temperaturas at\u00e9 2\u00b0C abaixo do normal. O relat\u00f3rio tamb\u00e9m destaca que as culturas de inverno europeias entram em dorm\u00eancia geralmente a partir de novembro, em uma faixa que vai do nordeste ao sudoeste do continente.<\/p>\n<\/p><\/div>\n<\/p><\/div>\n<p><script data-cfasync=\"false\">\n    !function (f, b, e, v, n, t, s) {\n        if (f.fbq) return; n = f.fbq = function () {\n            n.callMethod ?\n                n.callMethod.apply(n, arguments) : n.queue.push(arguments)\n        };\n        if (!f._fbq) f._fbq = n; n.push = n; n.loaded = !0; n.version = '2.0';\n        n.queue = []; t = b.createElement(e); t.async = !0;\n        t.src = v; s = b.getElementsByTagName(e)[0];\n        s.parentNode.insertBefore(t, s)\n    }(window, document, 'script',\n        'https:\/\/connect.facebook.net\/en_US\/fbevents.js');\n    fbq('init', '522546078623747');\n    fbq('track', 'PageView');\n<\/script><br \/>\n<br \/><br \/>\n<br \/><a href=\"https:\/\/www.agrolink.com.br\/noticias\/seca-gera-preocupacoes-para-colheita-de-inverno-no-sudeste-da-europa_496345.html\">Source link <\/a><\/p>\n","protected":false},"excerpt":{"rendered":"<p>&#13; Chuvas causam atrasos na colheita de ver\u00e3o&#13; &#13; Agrolink&#13; &#13; &#8211; Seane Lennon&#13; &#13; Publicado em 30\/10\/2024 \u00e0s 17:10h.<\/p>\n","protected":false},"author":1,"featured_media":2491,"comment_status":"open","ping_status":"open","sticky":false,"template":"","format":"standard","meta":{"_monsterinsights_skip_tracking":false,"_monsterinsights_sitenote_active":false,"_monsterinsights_sitenote_note":"","_monsterinsights_sitenote_category":0,"_uf_show_specific_survey":0,"_uf_disable_surveys":false,"footnotes":""},"categories":[8,1,14],"tags":[],"class_list":["post-4270","post","type-post","status-publish","format-standard","has-post-thumbnail","hentry","category-agro","category-news","category-politica-agro"],"_links":{"self":[{"href":"https:\/\/agromt.news\/index.php?rest_route=\/wp\/v2\/posts\/4270"}],"collection":[{"href":"https:\/\/agromt.news\/index.php?rest_route=\/wp\/v2\/posts"}],"about":[{"href":"https:\/\/agromt.news\/index.php?rest_route=\/wp\/v2\/types\/post"}],"author":[{"embeddable":true,"href":"https:\/\/agromt.news\/index.php?rest_route=\/wp\/v2\/users\/1"}],"replies":[{"embeddable":true,"href":"https:\/\/agromt.news\/index.php?rest_route=%2Fwp%2Fv2%2Fcomments&post=4270"}],"version-history":[{"count":0,"href":"https:\/\/agromt.news\/index.php?rest_route=\/wp\/v2\/posts\/4270\/revisions"}],"wp:featuredmedia":[{"embeddable":true,"href":"https:\/\/agromt.news\/index.php?rest_route=\/wp\/v2\/media\/2491"}],"wp:attachment":[{"href":"https:\/\/agromt.news\/index.php?rest_route=%2Fwp%2Fv2%2Fmedia&parent=4270"}],"wp:term":[{"taxonomy":"category","embeddable":true,"href":"https:\/\/agromt.news\/index.php?rest_route=%2Fwp%2Fv2%2Fcategories&post=4270"},{"taxonomy":"post_tag","embeddable":true,"href":"https:\/\/agromt.news\/index.php?rest_route=%2Fwp%2Fv2%2Ftags&post=4270"}],"curies":[{"name":"wp","href":"https:\/\/api.w.org\/{rel}","templated":true}]}}