{"id":4262,"date":"2024-10-31T10:13:22","date_gmt":"2024-10-31T14:13:22","guid":{"rendered":"https:\/\/agromt.news\/?p=4262"},"modified":"2024-10-31T10:13:22","modified_gmt":"2024-10-31T14:13:22","slug":"periodo-de-defeso-da-piracema-comeca-em-1o-de-novembro-em-sao-paulo","status":"publish","type":"post","link":"https:\/\/agromt.news\/?p=4262","title":{"rendered":"Per\u00edodo de defeso da piracema come\u00e7a em 1\u00ba de novembro em S\u00e3o Paulo"},"content":{"rendered":"<p> <br \/>\n<br \/><img decoding=\"async\" src=\"https:\/\/agromt.news\/wp-content\/uploads\/2024\/10\/Periodo-de-defeso-da-piracema-comeca-em-1o-de-novembro.jpg\" \/><\/p>\n<div>\n<p>A partir do dia 1\u00ba de novembro, ter\u00e1 in\u00edcio o per\u00edodo de <a href=\"https:\/\/www.canalrural.com.br\/tag\/defeso\/\">defeso<\/a> da piracema nas principais bacias hidrogr\u00e1ficas de S\u00e3o Paulo, abrangendo os rios das bacias do Paran\u00e1 e do Atl\u00e2ntico Sudeste. <\/p>\n<p>A medida, que se estender\u00e1 at\u00e9 28 de fevereiro de 2025, visa a preserva\u00e7\u00e3o das esp\u00e9cies nativas durante a fase de reprodu\u00e7\u00e3o, permitindo a pesca apenas de esp\u00e9cies al\u00f3ctones e ex\u00f3ticas.<\/p>\n<p><em>Confira na palma da <\/em>m\u00e3o <em>informa\u00e7\u00f5es quentes sobre agricultura, pecu\u00e1ria, economia e previs\u00e3o do tempo:<\/em><a href=\"https:\/\/www.whatsapp.com\/channel\/0029Va9VnZxGk1FplZjiW43k\"><em> <\/em><strong>siga o Canal Rural no WhatsApp<\/strong><\/a>!<\/p>\n<p>Durante o defeso, os pescadores poder\u00e3o capturar esp\u00e9cies como a til\u00e1pia, carpa, tucunar\u00e9, e o bagre americano, mas devem observar restri\u00e7\u00f5es de m\u00e9todo e local de pesca. <\/p>\n<\/div>\n<div>\n<p>Na Bacia do Paran\u00e1, a pesca \u00e9 permitida apenas de forma desembarcada e com equipamentos espec\u00edficos, como linha de m\u00e3o, cani\u00e7o, vara com molinete ou carretilha, enquanto na Bacia do Atl\u00e2ntico Sudeste, incluindo o rio Juqui\u00e1, a pesca pode ser tanto embarcada quanto desembarcada.<\/p>\n<p>Para garantir a conformidade, o Instituto de Pesca orienta os pescadores a seguirem as normas do Ibama (IN 25\/2009 para a Bacia do Paran\u00e1 e IN 195\/2008 para a Bacia do Atl\u00e2ntico Sudeste). <\/p>\n<p>Aqueles que se dedicam \u00e0 pesca artesanal podem solicitar o Seguro Defeso, um benef\u00edcio tempor\u00e1rio destinado aos pescadores durante o per\u00edodo de proibi\u00e7\u00e3o, dispon\u00edvel online no site do governo federal.<\/p>\n<\/p><\/div>\n<p><br \/>\n<br \/><a href=\"https:\/\/www.canalrural.com.br\/aves-e-suinos\/peixes\/periodo-de-defeso-da-piracema-comeca-em-1o-de-novembro-em-sao-paulo\/\">Source link <\/a><\/p>\n","protected":false},"excerpt":{"rendered":"<p>A partir do dia 1\u00ba de novembro, ter\u00e1 in\u00edcio o per\u00edodo de defeso da piracema nas principais bacias hidrogr\u00e1ficas de<\/p>\n","protected":false},"author":1,"featured_media":4263,"comment_status":"open","ping_status":"open","sticky":false,"template":"","format":"standard","meta":{"_monsterinsights_skip_tracking":false,"_monsterinsights_sitenote_active":false,"_monsterinsights_sitenote_note":"","_monsterinsights_sitenote_category":0,"_uf_show_specific_survey":0,"_uf_disable_surveys":false,"footnotes":""},"categories":[1],"tags":[],"class_list":["post-4262","post","type-post","status-publish","format-standard","has-post-thumbnail","hentry","category-news"],"_links":{"self":[{"href":"https:\/\/agromt.news\/index.php?rest_route=\/wp\/v2\/posts\/4262"}],"collection":[{"href":"https:\/\/agromt.news\/index.php?rest_route=\/wp\/v2\/posts"}],"about":[{"href":"https:\/\/agromt.news\/index.php?rest_route=\/wp\/v2\/types\/post"}],"author":[{"embeddable":true,"href":"https:\/\/agromt.news\/index.php?rest_route=\/wp\/v2\/users\/1"}],"replies":[{"embeddable":true,"href":"https:\/\/agromt.news\/index.php?rest_route=%2Fwp%2Fv2%2Fcomments&post=4262"}],"version-history":[{"count":0,"href":"https:\/\/agromt.news\/index.php?rest_route=\/wp\/v2\/posts\/4262\/revisions"}],"wp:featuredmedia":[{"embeddable":true,"href":"https:\/\/agromt.news\/index.php?rest_route=\/wp\/v2\/media\/4263"}],"wp:attachment":[{"href":"https:\/\/agromt.news\/index.php?rest_route=%2Fwp%2Fv2%2Fmedia&parent=4262"}],"wp:term":[{"taxonomy":"category","embeddable":true,"href":"https:\/\/agromt.news\/index.php?rest_route=%2Fwp%2Fv2%2Fcategories&post=4262"},{"taxonomy":"post_tag","embeddable":true,"href":"https:\/\/agromt.news\/index.php?rest_route=%2Fwp%2Fv2%2Ftags&post=4262"}],"curies":[{"name":"wp","href":"https:\/\/api.w.org\/{rel}","templated":true}]}}