{"id":4251,"date":"2024-10-31T07:18:43","date_gmt":"2024-10-31T11:18:43","guid":{"rendered":"https:\/\/agromt.news\/?p=4251"},"modified":"2024-10-31T07:18:43","modified_gmt":"2024-10-31T11:18:43","slug":"dolar-sobe-em-linha-com-emergentes-com-china-e-oriente-medio-em-foco","status":"publish","type":"post","link":"https:\/\/agromt.news\/?p=4251","title":{"rendered":"D\u00f3lar sobe em linha com emergentes com China e Oriente M\u00e9dio em foco"},"content":{"rendered":"<p> <br \/>\n<\/p>\n<div>\n<p><img decoding=\"async\" alt=\"Logotipo Reuters\" height=\"22\" src=\"https:\/\/cdn.noticiasagricolas.com.br\/dbimagens\/0f687b0f35da9d220b6477534ce7c667.gif\" width=\"71\"\/><\/p>\n<p>Por Fernando Cardoso<\/p>\n<p>S\u00c3O PAULO (Reuters) &#8211; O d\u00f3lar subia frente ao real nesta quarta-feira, em linha com a for\u00e7a da moeda dos EUA no exterior, \u00e0 medida que investidores analisavam dados do IPCA de setembro, que vieram praticamente em linha com o esperado, e avaliavam os efeitos de fatores externos sobre as divisas de pa\u00edses emergentes.<\/p>\n<p>\u00c0s 9h46, o d\u00f3lar \u00e0 vista subia 0,51%, a 5,5614 reais na venda. Na B3, o contrato de d\u00f3lar futuro de primeiro vencimento tinha alta de 0,37%, a 5,571 reais na venda.<\/p>\n<p>Nesta sess\u00e3o, o real acompanhava o movimento de seus pares emergentes, que ampliavam as perdas frente \u00e0 moeda norte-americana diante de um cen\u00e1rio de incertezas para ativos de maior risco, com investidores aguardando not\u00edcias de China e Oriente M\u00e9dio.<\/p>\n<p>O governo chin\u00eas anunciou nesta quarta que o Minist\u00e9rio das Finan\u00e7as realizar\u00e1 uma entrevista coletiva de imprensa no s\u00e1bado para detalhar as medidas fiscais de est\u00edmulo que adotar\u00e1 para impulsionar a economia do pa\u00eds, um dia depois de os mercados se decepcionarem com a apresenta\u00e7\u00e3o de um planejador estatal.<\/p>\n<p>O otimismo pelas medidas de est\u00edmulo na China se dissipou na sess\u00e3o de ter\u00e7a-feira, derrubando moedas de pa\u00edses emergentes, cujas exporta\u00e7\u00f5es de diversas mercadorias, principalmente commodities, est\u00e3o atreladas ao grande mercado consumidor da segunda maior economia do mundo.<\/p>\n<p>&#8220;O pacote da China pode mexer bastante no mercado se for razo\u00e1vel ou at\u00e9 estimulador. Se houver um incentivo bem relevante, a tend\u00eancia \u00e9 que as commodities venham a subir, favorecendo exportadores de commodities como o Brasil&#8221;, disse Thiago Avallone, especialista em c\u00e2mbio da Manchester Investimentos.<\/p>\n<p>A avers\u00e3o ao risco em mercados emergentes se mantinha nesta sess\u00e3o, com o d\u00f3lar avan\u00e7ando sobre divisas como o peso chileno, o rand sul-africano e o peso mexicano.<\/p>\n<p>A moeda dos EUA ainda era beneficiada pelo cen\u00e1rio incerto no Oriente M\u00e9dio, com investidores avaliando se a recente escalada nas tens\u00f5es geopol\u00edticas pode provocar uma guerra ampla entre Israel e Ir\u00e3.<\/p>\n<p>Por outro lado, os rendimentos dos Treasuries estavam praticamente est\u00e1veis, ap\u00f3s forte avan\u00e7o recente na esteira de movimento de reavalia\u00e7\u00e3o de expectativas sobre o ciclo de afrouxamento monet\u00e1rio do Federal Reserve.<\/p>\n<p>O \u00edndice do d\u00f3lar &#8212; que mede o desempenho da moeda norte-americana frente a uma cesta de seis divisas &#8212; subia 0,21%, a 102,700.<\/p>\n<p>Todas as aten\u00e7\u00f5es na quinta-feira se voltar\u00e3o \u00e0 divulga\u00e7\u00e3o de novos dados de infla\u00e7\u00e3o ao consumidor nos Estados Unidos, com agentes financeiros em busca de sinais sobre a trajet\u00f3ria de juros do Fed.<\/p>\n<p>Mais tarde nesta sess\u00e3o, os mercados avaliar\u00e3o a ata da mais recente reuni\u00e3o do banco central dos EUA, quando as autoridades decidiram reduzir a taxa de juros em 50 pontos-base a fim de enfrentar o enfraquecimento do mercado de trabalho.<\/p>\n<p>No cen\u00e1rio dom\u00e9stico, o foco estava nos dados do IPCA de setembro, divulgados na abertura da sess\u00e3o. O \u00edndice acelerou para uma alta de 0,44% no m\u00eas, ante queda de 0,02% em agosto. Em 12 meses, a infla\u00e7\u00e3o brasileira chegou a 4,42%. Economistas esperavam alta de 0,46% no m\u00eas, segundo pesquisa da Reuters.<\/p>\n<p>Ap\u00f3s os dados, houve movimenta\u00e7\u00e3o na curva de juros brasileira, com juros futuros subindo, \u00e0 medida que a alta dos pre\u00e7os se aproximou do teto da meta de infla\u00e7\u00e3o de 4,50%, provocando consolida\u00e7\u00e3o de apostas de aumento da taxa Selic em novembro.<\/p>\n<\/p><\/div>\n<p><script async defer src=\"https:\/\/connect.facebook.net\/en_US\/sdk.js\" type=\"95a93cfbe5fc37e439c49e1d-text\/javascript\"><\/script><script type=\"95a93cfbe5fc37e439c49e1d-text\/javascript\">\n  !function(f,b,e,v,n,t,s)\n  {if(f.fbq)return;n=f.fbq=function(){n.callMethod?\n    n.callMethod.apply(n,arguments):n.queue.push(arguments)};\n    if(!f._fbq)f._fbq=n;n.push=n;n.loaded=!0;n.version='2.0';\n    n.queue=[];t=b.createElement(e);t.async=!0;\n    t.src=v;s=b.getElementsByTagName(e)[0];\n    s.parentNode.insertBefore(t,s)}(window, document,'script',\n    'https:\/\/connect.facebook.net\/en_US\/fbevents.js');\n  fbq('init', '153495679422335');\n  fbq('track', 'PageView');\n<\/script><br \/>\n<br \/><br \/>\n<br \/><a href=\"https:\/\/www.noticiasagricolas.com.br\/noticias\/politica-economia\/386418-dolar-abre-com-leve-alta-enquanto-investidores-analisam-dados-do-ipca.html\">Source link <\/a><\/p>\n","protected":false},"excerpt":{"rendered":"<p>Por Fernando Cardoso S\u00c3O PAULO (Reuters) &#8211; O d\u00f3lar subia frente ao real nesta quarta-feira, em linha com a for\u00e7a<\/p>\n","protected":false},"author":1,"featured_media":4252,"comment_status":"open","ping_status":"open","sticky":false,"template":"","format":"standard","meta":{"_monsterinsights_skip_tracking":false,"_monsterinsights_sitenote_active":false,"_monsterinsights_sitenote_note":"","_monsterinsights_sitenote_category":0,"_uf_show_specific_survey":0,"_uf_disable_surveys":false,"footnotes":""},"categories":[8,1,14,16],"tags":[],"class_list":["post-4251","post","type-post","status-publish","format-standard","has-post-thumbnail","hentry","category-agro","category-news","category-politica-agro","category-safra"],"_links":{"self":[{"href":"https:\/\/agromt.news\/index.php?rest_route=\/wp\/v2\/posts\/4251"}],"collection":[{"href":"https:\/\/agromt.news\/index.php?rest_route=\/wp\/v2\/posts"}],"about":[{"href":"https:\/\/agromt.news\/index.php?rest_route=\/wp\/v2\/types\/post"}],"author":[{"embeddable":true,"href":"https:\/\/agromt.news\/index.php?rest_route=\/wp\/v2\/users\/1"}],"replies":[{"embeddable":true,"href":"https:\/\/agromt.news\/index.php?rest_route=%2Fwp%2Fv2%2Fcomments&post=4251"}],"version-history":[{"count":0,"href":"https:\/\/agromt.news\/index.php?rest_route=\/wp\/v2\/posts\/4251\/revisions"}],"wp:featuredmedia":[{"embeddable":true,"href":"https:\/\/agromt.news\/index.php?rest_route=\/wp\/v2\/media\/4252"}],"wp:attachment":[{"href":"https:\/\/agromt.news\/index.php?rest_route=%2Fwp%2Fv2%2Fmedia&parent=4251"}],"wp:term":[{"taxonomy":"category","embeddable":true,"href":"https:\/\/agromt.news\/index.php?rest_route=%2Fwp%2Fv2%2Fcategories&post=4251"},{"taxonomy":"post_tag","embeddable":true,"href":"https:\/\/agromt.news\/index.php?rest_route=%2Fwp%2Fv2%2Ftags&post=4251"}],"curies":[{"name":"wp","href":"https:\/\/api.w.org\/{rel}","templated":true}]}}