{"id":4249,"date":"2024-10-31T06:59:09","date_gmt":"2024-10-31T10:59:09","guid":{"rendered":"https:\/\/agromt.news\/?p=4249"},"modified":"2024-10-31T06:59:09","modified_gmt":"2024-10-31T10:59:09","slug":"mercado-no-aguardo-do-corte-de-gastos","status":"publish","type":"post","link":"https:\/\/agromt.news\/?p=4249","title":{"rendered":"mercado no aguardo do corte de gastos"},"content":{"rendered":"<p> <br \/>\n<br \/><img decoding=\"async\" src=\"https:\/\/agromt.news\/wp-content\/uploads\/2024\/10\/mercado-no-aguardo-do-corte-de-gastos.jpg\" \/><\/p>\n<div>\n\t\t<iframe title=\"Mercado no aguardo do corte de gastos | podcast Di\u00e1rio Econ\u00f4mico\" width=\"800\" height=\"450\" src=\"https:\/\/www.youtube.com\/embed\/hTglI9nZhmI?feature=oembed\" frameborder=\"0\" allow=\"accelerometer; autoplay; clipboard-write; encrypted-media; gyroscope; picture-in-picture; web-share\" referrerpolicy=\"strict-origin-when-cross-origin\" allowfullscreen><\/iframe><noscript><iframe title=\"Mercado no aguardo do corte de gastos | podcast Di\u00e1rio Econ\u00f4mico\" width=\"800\" height=\"450\" src=\"https:\/\/www.youtube.com\/embed\/hTglI9nZhmI?feature=oembed\" frameborder=\"0\" allow=\"accelerometer; autoplay; clipboard-write; encrypted-media; gyroscope; picture-in-picture; web-share\" referrerpolicy=\"strict-origin-when-cross-origin\" allowfullscreen><\/iframe><\/noscript><\/p>\n<p>Ou\u00e7a o\u00a0<strong><a href=\"https:\/\/www.canalrural.com.br\/tag\/diario-economico\/\">Di\u00e1rio Econ\u00f4mico<\/a><\/strong>, o podcast que traz tudo que voc\u00ea precisa saber sobre economia para come\u00e7ar o seu dia, com base nas principais not\u00edcias que impactam o mercado do Brasil e do mundo, com a an\u00e1lise de economistas do Pic Pay.<\/p>\n<\/div>\n<div>\n<p>No morning call de hoje, o economista do PicPay Igor Cadilhac destaca as declara\u00e7\u00f5es de ministros sobre o compromisso fiscal, enquanto o mercado aguarda o an\u00fancio do pacote de cortes.<\/p>\n<p>No Brasil, destaque para a cria\u00e7\u00e3o de 248 mil vagas formais em setembro e o avan\u00e7o do IGP-M. Nos EUA, dados de emprego e PIB refor\u00e7am a resili\u00eancia econ\u00f4mica.<\/p>\n<\/p><\/div>\n<p><br \/>\n<br \/><a href=\"https:\/\/www.canalrural.com.br\/economia\/diario-economico-picpay-mercado-no-aguardo-do-corte-de-gastos\/\">Source link <\/a><\/p>\n","protected":false},"excerpt":{"rendered":"<p>Ou\u00e7a o\u00a0Di\u00e1rio Econ\u00f4mico, o podcast que traz tudo que voc\u00ea precisa saber sobre economia para come\u00e7ar o seu dia, com<\/p>\n","protected":false},"author":1,"featured_media":4250,"comment_status":"open","ping_status":"open","sticky":false,"template":"","format":"standard","meta":{"_monsterinsights_skip_tracking":false,"_monsterinsights_sitenote_active":false,"_monsterinsights_sitenote_note":"","_monsterinsights_sitenote_category":0,"_uf_show_specific_survey":0,"_uf_disable_surveys":false,"footnotes":""},"categories":[1],"tags":[],"class_list":["post-4249","post","type-post","status-publish","format-standard","has-post-thumbnail","hentry","category-news"],"_links":{"self":[{"href":"https:\/\/agromt.news\/index.php?rest_route=\/wp\/v2\/posts\/4249"}],"collection":[{"href":"https:\/\/agromt.news\/index.php?rest_route=\/wp\/v2\/posts"}],"about":[{"href":"https:\/\/agromt.news\/index.php?rest_route=\/wp\/v2\/types\/post"}],"author":[{"embeddable":true,"href":"https:\/\/agromt.news\/index.php?rest_route=\/wp\/v2\/users\/1"}],"replies":[{"embeddable":true,"href":"https:\/\/agromt.news\/index.php?rest_route=%2Fwp%2Fv2%2Fcomments&post=4249"}],"version-history":[{"count":0,"href":"https:\/\/agromt.news\/index.php?rest_route=\/wp\/v2\/posts\/4249\/revisions"}],"wp:featuredmedia":[{"embeddable":true,"href":"https:\/\/agromt.news\/index.php?rest_route=\/wp\/v2\/media\/4250"}],"wp:attachment":[{"href":"https:\/\/agromt.news\/index.php?rest_route=%2Fwp%2Fv2%2Fmedia&parent=4249"}],"wp:term":[{"taxonomy":"category","embeddable":true,"href":"https:\/\/agromt.news\/index.php?rest_route=%2Fwp%2Fv2%2Fcategories&post=4249"},{"taxonomy":"post_tag","embeddable":true,"href":"https:\/\/agromt.news\/index.php?rest_route=%2Fwp%2Fv2%2Ftags&post=4249"}],"curies":[{"name":"wp","href":"https:\/\/api.w.org\/{rel}","templated":true}]}}