{"id":4167,"date":"2024-10-29T16:54:08","date_gmt":"2024-10-29T20:54:08","guid":{"rendered":"https:\/\/agromt.news\/?p=4167"},"modified":"2024-10-29T16:54:08","modified_gmt":"2024-10-29T20:54:08","slug":"agro-brasileiro-deve-crescer-155-em-area-plantada-ate-2034","status":"publish","type":"post","link":"https:\/\/agromt.news\/?p=4167","title":{"rendered":"Agro brasileiro deve crescer 15,5% em \u00e1rea plantada at\u00e9 2034"},"content":{"rendered":"<p> <br \/>\n<\/p>\n<div>\n<p style=\"text-align:justify\">A produ\u00e7\u00e3o agropecu\u00e1ria brasileira est\u00e1 projetada para crescer de forma consistente nos pr\u00f3ximos dez anos, segundo o estudo Proje\u00e7\u00f5es do Agroneg\u00f3cio 2023\/2024 a 2033\/2034, divulgado pelo Minist\u00e9rio da Agricultura e Pecu\u00e1ria (Mapa), com apoio da Embrapa. A expans\u00e3o abrange tanto as culturas de gr\u00e3os \u2014 como <a href=\"https:\/\/www.agrolink.com.br\/culturas\/soja?utm_source=agrolink-detalhe-noticia&amp;utm_medium=detalhe-noticia&amp;utm_campaign=links-internos\" target=\"_blank\" rel=\"noopener\">soja<\/a>, <a href=\"https:\/\/www.agrolink.com.br\/culturas\/milho?utm_source=agrolink-detalhe-noticia&amp;utm_medium=detalhe-noticia&amp;utm_campaign=links-internos&#9;\" target=\"_blank\" rel=\"noopener\">milho<\/a> de inverno, <a href=\"https:\/\/www.agrolink.com.br\/culturas\/arroz\/?utm_source=agrolink-detalhe-noticia&amp;utm_medium=detalhe-noticia&amp;utm_campaign=links-internos\" target=\"_blank\" rel=\"noopener\">arroz<\/a>, <a href=\"https:\/\/www.agrolink.com.br\/culturas\/feijao\/?utm_source=agrolink-detalhe-noticia&amp;utm_medium=detalhe-noticia&amp;utm_campaign=links-internos\" target=\"_blank\" rel=\"noopener\">feij\u00e3o<\/a> e <a href=\"https:\/\/www.agrolink.com.br\/culturas\/trigo\/?utm_source=agrolink-detalhe-noticia&amp;utm_medium=detalhe-noticia&amp;utm_campaign=links-internos\" target=\"_blank\" rel=\"noopener\">trigo<\/a> \u2014 quanto as culturas perenes, como caf\u00e9, cacau e frutas.&#13;\n<\/p>\n<p style=\"text-align:justify\">O levantamento prev\u00ea que a \u00e1rea plantada aumentar\u00e1 15,5%, atingindo 92,2 milh\u00f5es de hectares em 2034. A produtividade ser\u00e1 um dos principais impulsionadores do crescimento. O diretor de An\u00e1lise Econ\u00f4mica e Pol\u00edticas P\u00fablicas do Mapa, Silvio Farnese, destaca que a amplia\u00e7\u00e3o ser\u00e1 alavancada pelo Programa de Recupera\u00e7\u00e3o de \u00c1reas Degradadas, que oferece linhas de cr\u00e9dito para regenera\u00e7\u00e3o de terras com baixa produtividade.<\/p>\n<p style=\"text-align:justify\">A soja continuar\u00e1 sendo o carro-chefe da produ\u00e7\u00e3o agr\u00edcola, com previs\u00e3o de atingir 199,4 milh\u00f5es de toneladas, um aumento de 52 milh\u00f5es de toneladas. O milho, especialmente o de safra de inverno, ter\u00e1 uma alta de 32,3%, chegando a 153,1 milh\u00f5es de toneladas. A pr\u00e1tica de plantio em sucess\u00e3o com a soja se consolidar\u00e1 como estrat\u00e9gica para maximizar a produ\u00e7\u00e3o.<\/p>\n<p style=\"text-align:justify\">Al\u00e9m disso, o arroz deve crescer 20,3% na \u00e1rea plantada, atingindo 13,7 milh\u00f5es de toneladas, permitindo atender \u00e0 demanda dom\u00e9stica e garantir exporta\u00e7\u00f5es de at\u00e9 1,3 milh\u00e3o de toneladas. O trigo e o feij\u00e3o tamb\u00e9m devem apresentar forte expans\u00e3o, com aumentos de 18,4% e 38,1% nas respectivas \u00e1reas de cultivo.&#13;\n<\/p>\n<p style=\"text-align:justify\">O aumento na produ\u00e7\u00e3o de gr\u00e3os tamb\u00e9m vai impactar diretamente a produ\u00e7\u00e3o de prote\u00ednas animais. A demanda por milho e farelo de soja \u2014 essenciais para a nutri\u00e7\u00e3o animal \u2014 garantir\u00e1 o crescimento da oferta de carne. A produ\u00e7\u00e3o de aves deve aumentar 28,4%, enquanto a de su\u00ednos e bovinos crescer\u00e1 27,5% e 10,2%, respectivamente.<\/p>\n<p style=\"text-align:justify\">Segundo o Mapa, a proje\u00e7\u00e3o \u00e9 que o Brasil exporte 24,7 milh\u00f5es de toneladas de prote\u00ednas at\u00e9 2034, fortalecendo sua posi\u00e7\u00e3o como um dos maiores fornecedores globais de carne. Esse desempenho ser\u00e1 impulsionado por novos acordos comerciais e pela amplia\u00e7\u00e3o de mercados internacionais j\u00e1 consolidados.<\/p>\n<p style=\"text-align:justify\">O caf\u00e9 ganhar\u00e1 destaque entre as culturas perenes, com produ\u00e7\u00e3o prevista de 72 milh\u00f5es de sacas \u2014 um aumento de 31,9%. O consumo interno subir\u00e1 para 27 milh\u00f5es de sacas, enquanto as exporta\u00e7\u00f5es alcan\u00e7ar\u00e3o 45 milh\u00f5es de sacas, consolidando a lideran\u00e7a brasileira no mercado global. O estudo do Mapa indica que o crescimento do setor ser\u00e1 amparado por estrat\u00e9gias sustent\u00e1veis e avan\u00e7os tecnol\u00f3gicos, promovendo o equil\u00edbrio entre produtividade e preserva\u00e7\u00e3o ambiental.\u00a0&#13;\n<\/p>\n<\/p><\/div>\n<p><script data-cfasync=\"false\">\n    !function (f, b, e, v, n, t, s) {\n        if (f.fbq) return; n = f.fbq = function () {\n            n.callMethod ?\n                n.callMethod.apply(n, arguments) : n.queue.push(arguments)\n        };\n        if (!f._fbq) f._fbq = n; n.push = n; n.loaded = !0; n.version = '2.0';\n        n.queue = []; t = b.createElement(e); t.async = !0;\n        t.src = v; s = b.getElementsByTagName(e)[0];\n        s.parentNode.insertBefore(t, s)\n    }(window, document, 'script',\n        'https:\/\/connect.facebook.net\/en_US\/fbevents.js');\n    fbq('init', '522546078623747');\n    fbq('track', 'PageView');\n<\/script><br \/>\n<br \/><br \/>\n<br \/><a href=\"https:\/\/www.agrolink.com.br\/noticias\/agro-brasileiro-deve-crescer-15-5--em-area-plantada-ate-2034_496314.html\">Source link <\/a><\/p>\n","protected":false},"excerpt":{"rendered":"<p>A produ\u00e7\u00e3o agropecu\u00e1ria brasileira est\u00e1 projetada para crescer de forma consistente nos pr\u00f3ximos dez anos, segundo o estudo Proje\u00e7\u00f5es do<\/p>\n","protected":false},"author":1,"featured_media":4168,"comment_status":"open","ping_status":"open","sticky":false,"template":"","format":"standard","meta":{"_monsterinsights_skip_tracking":false,"_monsterinsights_sitenote_active":false,"_monsterinsights_sitenote_note":"","_monsterinsights_sitenote_category":0,"_uf_show_specific_survey":0,"_uf_disable_surveys":false,"footnotes":""},"categories":[8,1,14],"tags":[],"class_list":["post-4167","post","type-post","status-publish","format-standard","has-post-thumbnail","hentry","category-agro","category-news","category-politica-agro"],"_links":{"self":[{"href":"https:\/\/agromt.news\/index.php?rest_route=\/wp\/v2\/posts\/4167"}],"collection":[{"href":"https:\/\/agromt.news\/index.php?rest_route=\/wp\/v2\/posts"}],"about":[{"href":"https:\/\/agromt.news\/index.php?rest_route=\/wp\/v2\/types\/post"}],"author":[{"embeddable":true,"href":"https:\/\/agromt.news\/index.php?rest_route=\/wp\/v2\/users\/1"}],"replies":[{"embeddable":true,"href":"https:\/\/agromt.news\/index.php?rest_route=%2Fwp%2Fv2%2Fcomments&post=4167"}],"version-history":[{"count":0,"href":"https:\/\/agromt.news\/index.php?rest_route=\/wp\/v2\/posts\/4167\/revisions"}],"wp:featuredmedia":[{"embeddable":true,"href":"https:\/\/agromt.news\/index.php?rest_route=\/wp\/v2\/media\/4168"}],"wp:attachment":[{"href":"https:\/\/agromt.news\/index.php?rest_route=%2Fwp%2Fv2%2Fmedia&parent=4167"}],"wp:term":[{"taxonomy":"category","embeddable":true,"href":"https:\/\/agromt.news\/index.php?rest_route=%2Fwp%2Fv2%2Fcategories&post=4167"},{"taxonomy":"post_tag","embeddable":true,"href":"https:\/\/agromt.news\/index.php?rest_route=%2Fwp%2Fv2%2Ftags&post=4167"}],"curies":[{"name":"wp","href":"https:\/\/api.w.org\/{rel}","templated":true}]}}