{"id":4162,"date":"2024-10-29T14:22:20","date_gmt":"2024-10-29T18:22:20","guid":{"rendered":"https:\/\/agromt.news\/?p=4162"},"modified":"2024-10-29T14:22:20","modified_gmt":"2024-10-29T18:22:20","slug":"brasilia-discute-aumento-de-conflitos-agrarios-e-nova-lei-de-demarcacao-de-terras-indigenas","status":"publish","type":"post","link":"https:\/\/agromt.news\/?p=4162","title":{"rendered":"Bras\u00edlia discute aumento de conflitos agr\u00e1rios e nova lei de demarca\u00e7\u00e3o de terras ind\u00edgenas"},"content":{"rendered":"<p> <br \/>\n<br \/><img decoding=\"async\" src=\"https:\/\/agromt.news\/wp-content\/uploads\/2024\/09\/Governo-de-MS-buscara-indenizar-produtores-com-areas-em-terras.jpeg\" \/><\/p>\n<div>\n<p>O aumento das invas\u00f5es de terras e os conflitos agr\u00e1rios, principalmente no Paran\u00e1 e em Mato Grosso do Sul, foram destaque na reuni\u00e3o da <strong><a href=\"https:\/\/www.canalrural.com.br\/tag\/fpa\/\">Frente Parlamentar da Agropecu\u00e1ria (FPA)<\/a><\/strong> desta ter\u00e7a-feira (29), em Bras\u00edlia. <\/p>\n<p>O deputado federal S\u00e9rgio Souza (MDB-PR) alertou sobre a inseguran\u00e7a jur\u00eddica enfrentada pelos produtores e anunciou que a bancada protocolou um projeto de lei (PL) visando garantir o devido processo legal nas demarca\u00e7\u00f5es de terras ind\u00edgenas.<\/p>\n<p>\u201cEstamos assistindo a uma verdadeira invas\u00e3o de propriedades rurais. \u00c9 um atentado contra o direito \u00e0 propriedade,\u201d enfatizou Souza, citando que a situa\u00e7\u00e3o no Paran\u00e1 e em outros estados exige respostas imediatas. Segundo o parlamentar, o projeto busca regularizar a prote\u00e7\u00e3o ao produtor e cobrar do estado uma atua\u00e7\u00e3o mais c\u00e9lere em casos de invas\u00e3o. <\/p>\n<\/div>\n<div>\n<p>\u201cSe o governo n\u00e3o age, cabe ao Parlamento agir. Este projeto visa garantir que, quando houver esbulho possess\u00f3rio e o estado n\u00e3o atuar, o produtor seja compensado pelos preju\u00edzos,\u201d afirmou.<\/p>\n<p>Souza tamb\u00e9m mencionou a falta de retorno nas conversas com o Minist\u00e9rio da Justi\u00e7a sobre o tema. \u201cBuscamos o di\u00e1logo, mas parece que falamos com uma parede,\u201d criticou o deputado. Ele destacou que o projeto ser\u00e1 tratado com urg\u00eancia na C\u00e2mara dos Deputados, com o objetivo de garantir sua aprova\u00e7\u00e3o ainda este ano e posterior encaminhamento ao Senado.<\/p>\n<\/p><\/div>\n<p><br \/>\n<br \/><a href=\"https:\/\/www.canalrural.com.br\/politica\/brasilia-discute-aumento-de-conflitos-agrarios-e-nova-lei-de-demarcacao-de-terras-indigenas\/\">Source link <\/a><\/p>\n","protected":false},"excerpt":{"rendered":"<p>O aumento das invas\u00f5es de terras e os conflitos agr\u00e1rios, principalmente no Paran\u00e1 e em Mato Grosso do Sul, foram<\/p>\n","protected":false},"author":1,"featured_media":1941,"comment_status":"open","ping_status":"open","sticky":false,"template":"","format":"standard","meta":{"_monsterinsights_skip_tracking":false,"_monsterinsights_sitenote_active":false,"_monsterinsights_sitenote_note":"","_monsterinsights_sitenote_category":0,"_uf_show_specific_survey":0,"_uf_disable_surveys":false,"footnotes":""},"categories":[1],"tags":[],"class_list":["post-4162","post","type-post","status-publish","format-standard","has-post-thumbnail","hentry","category-news"],"_links":{"self":[{"href":"https:\/\/agromt.news\/index.php?rest_route=\/wp\/v2\/posts\/4162"}],"collection":[{"href":"https:\/\/agromt.news\/index.php?rest_route=\/wp\/v2\/posts"}],"about":[{"href":"https:\/\/agromt.news\/index.php?rest_route=\/wp\/v2\/types\/post"}],"author":[{"embeddable":true,"href":"https:\/\/agromt.news\/index.php?rest_route=\/wp\/v2\/users\/1"}],"replies":[{"embeddable":true,"href":"https:\/\/agromt.news\/index.php?rest_route=%2Fwp%2Fv2%2Fcomments&post=4162"}],"version-history":[{"count":0,"href":"https:\/\/agromt.news\/index.php?rest_route=\/wp\/v2\/posts\/4162\/revisions"}],"wp:featuredmedia":[{"embeddable":true,"href":"https:\/\/agromt.news\/index.php?rest_route=\/wp\/v2\/media\/1941"}],"wp:attachment":[{"href":"https:\/\/agromt.news\/index.php?rest_route=%2Fwp%2Fv2%2Fmedia&parent=4162"}],"wp:term":[{"taxonomy":"category","embeddable":true,"href":"https:\/\/agromt.news\/index.php?rest_route=%2Fwp%2Fv2%2Fcategories&post=4162"},{"taxonomy":"post_tag","embeddable":true,"href":"https:\/\/agromt.news\/index.php?rest_route=%2Fwp%2Fv2%2Ftags&post=4162"}],"curies":[{"name":"wp","href":"https:\/\/api.w.org\/{rel}","templated":true}]}}