{"id":4160,"date":"2024-10-29T13:21:21","date_gmt":"2024-10-29T17:21:21","guid":{"rendered":"https:\/\/agromt.news\/?p=4160"},"modified":"2024-10-29T13:21:21","modified_gmt":"2024-10-29T17:21:21","slug":"precos-do-cafe-no-atacado-devem-aumentar-25-ainda-em-2024","status":"publish","type":"post","link":"https:\/\/agromt.news\/?p=4160","title":{"rendered":"Pre\u00e7os do caf\u00e9 no atacado devem aumentar 25% ainda em 2024"},"content":{"rendered":"<p> <br \/>\n<br \/><img decoding=\"async\" src=\"https:\/\/agromt.news\/wp-content\/uploads\/2024\/10\/Precos-do-cafe-no-atacado-devem-aumentar-25-ainda-em.jpg\" \/><\/p>\n<div>\n<p>A alta procura externa fez os pre\u00e7os do caf\u00e9 registrarem um aumento significativo ao longo de 2024 tanto no Brasil quanto no exterior. Contudo, quest\u00f5es clim\u00e1ticas resultaram em um recuo da produ\u00e7\u00e3o. <\/p>\n<p>A economista Isabela Ara\u00fajo, da plataforma de intelig\u00eancia GEP Costdrivers destaca que enquanto a produ\u00e7\u00e3o brasileira deve registrar queda de 0,5% em 2024, o volume das exporta\u00e7\u00f5es do pa\u00eds subiu 40,1% entre janeiro e agosto em rela\u00e7\u00e3o ao ano anterior, o que evidencia o desequilibro entre oferta e demanda. <\/p>\n<p>Segundo ela, diante deste cen\u00e1rio de desequil\u00edbrio, espera-se que o pre\u00e7o continue em alta, com o valor internacional do atacado crescendo <strong>24,67%<\/strong> este ano.<\/p>\n<p>As condi\u00e7\u00f5es clim\u00e1ticas, como estiagem, chuvas dispersas e altas temperaturas justificam a redu\u00e7\u00e3o de produ\u00e7\u00e3o interna, puxada pelas regi\u00f5es que mais produzem o caf\u00e9:<\/p>\n<ul class=\"wp-block-list\">\n<li><strong>Minas Gerais<\/strong> deve registrar queda de 3,27% no ano; <\/li>\n<\/ul>\n<ul class=\"wp-block-list\">\n<li><strong>Rond\u00f4nia e Bahia<\/strong> devem ter recuos de 16,73% e 13,05%, respectivamente, no caf\u00e9 robusta. <\/li>\n<\/ul>\n<h2 class=\"wp-block-heading\" id=\"h-aumentos-no-mercado-domestico\">Aumentos no mercado dom\u00e9stico<\/h2>\n<p>Nos \u00faltimos 12 meses, Isadora calcula que o pre\u00e7o dom\u00e9stico do caf\u00e9 registrou aumento de <strong>119,30%<\/strong>, enquanto o ar\u00e1bica teve uma varia\u00e7\u00e3o de <strong>78,43%<\/strong>. No mercado internacional, a oscila\u00e7\u00e3o tamb\u00e9m foi relevante: <strong>63,42%.<\/strong><\/p>\n<p>A economista lembra que a demanda externa se encontra aquecida e cria uma realidade favor\u00e1vel \u00e0 alta dos valores. \u201cAl\u00e9m disso, a eleva\u00e7\u00e3o da commodity no mercado internacional junto ao aumento do d\u00f3lar no Brasil colaboram ainda mais para esse crescimento\u201d, destaca.<\/p>\n<\/div>\n<div>\n<h2 class=\"wp-block-heading\" id=\"h-altas-anuais\">Altas anuais<\/h2>\n<p>Diante da atual conjuntura do mercado, a GEP Costdrivers projeta aumentos anuais acumulados em 2024 para os pre\u00e7os dom\u00e9sticos em atacado do caf\u00e9: <\/p>\n<ul class=\"wp-block-list\">\n<li><strong>52,21%<\/strong> para o caf\u00e9 ar\u00e1bica <\/li>\n<\/ul>\n<ul class=\"wp-block-list\">\n<li><strong>87,79%<\/strong> para o caf\u00e9 robusta <\/li>\n<\/ul>\n<p>De acordo com a empresa, o pre\u00e7o internacional indica valoriza\u00e7\u00e3o de<strong> 24,67%<\/strong> no ano, sendo impulsionado, principalmente, pela situa\u00e7\u00e3o do caf\u00e9 robusta, que vem acumulando perdas na produ\u00e7\u00e3o mundial total desde a safra 2022\/23 e 2023\/24, em -1,64% e -4,10%, respectivamente, puxadas pela contra\u00e7\u00e3o da produ\u00e7\u00e3o vietnamita, brasileira e indon\u00e9sia.<\/p>\n<h2 class=\"wp-block-heading\" id=\"h-safra-global-de-cafe\">Safra global de caf\u00e9<\/h2>\n<p>Para Isabela, as estimativas de safra global 2024\/25 s\u00e3o positivas, uma vez que projetam melhora de 4,17%. Contudo, o consumo deve crescer em ritmo menor, a 1,85%. J\u00e1 os estoques finais, na avalia\u00e7\u00e3o da GEP Costdrivers, t\u00eam aumento previsto de 7,73%, indo na contram\u00e3o dos futuros do item na Bolsa de Nova Iorque, que precifica queda acumulada em 2025 em torno de <strong>-4,88%<\/strong>. <\/p>\n<p>\u201c\u00c9 importante ressaltar que a proje\u00e7\u00e3o da bolsa se altera diariamente, j\u00e1 que considerada os pre\u00e7os negociados pelos agentes para as datas futuras; portanto, conforme a expectativa muda, o pre\u00e7o futuro tamb\u00e9m deve ser alterado\u201d, aponta a economista.<\/p>\n<p>De acordo com ela, a expectativa \u00e9 que os agentes alterem a proje\u00e7\u00e3o por conta do La Ni\u00f1a, que ocorrer\u00e1 na \u00e9poca de plantio do gr\u00e3o no Brasil \u2013 neste \u00faltimo trimestre \u2013 e que deve afetar negativamente a safra. <\/p>\n<p>Apesar disso, de acordo com Isabela, \u201ca alta deve ser contida, tendo em vista que h\u00e1 perspectiva de safra crescente, suprindo o esperado para o consumo total. Tamb\u00e9m se espera que os Estados Unidos, principal destino das exporta\u00e7\u00f5es brasileiras de caf\u00e9, cres\u00e7a menos em compara\u00e7\u00e3o a 2024, o que deve desacelerar a demanda externa pelo item, contendo as poss\u00edveis altas\u201d.<\/p>\n<\/p><\/div>\n<p><br \/>\n<br \/><a href=\"https:\/\/www.canalrural.com.br\/agricultura\/precos-do-cafe-no-atacado-devem-aumentar-25-ainda-em-2024\/\">Source link <\/a><\/p>\n","protected":false},"excerpt":{"rendered":"<p>A alta procura externa fez os pre\u00e7os do caf\u00e9 registrarem um aumento significativo ao longo de 2024 tanto no Brasil<\/p>\n","protected":false},"author":1,"featured_media":4161,"comment_status":"open","ping_status":"open","sticky":false,"template":"","format":"standard","meta":{"_monsterinsights_skip_tracking":false,"_monsterinsights_sitenote_active":false,"_monsterinsights_sitenote_note":"","_monsterinsights_sitenote_category":0,"_uf_show_specific_survey":0,"_uf_disable_surveys":false,"footnotes":""},"categories":[1],"tags":[],"class_list":["post-4160","post","type-post","status-publish","format-standard","has-post-thumbnail","hentry","category-news"],"_links":{"self":[{"href":"https:\/\/agromt.news\/index.php?rest_route=\/wp\/v2\/posts\/4160"}],"collection":[{"href":"https:\/\/agromt.news\/index.php?rest_route=\/wp\/v2\/posts"}],"about":[{"href":"https:\/\/agromt.news\/index.php?rest_route=\/wp\/v2\/types\/post"}],"author":[{"embeddable":true,"href":"https:\/\/agromt.news\/index.php?rest_route=\/wp\/v2\/users\/1"}],"replies":[{"embeddable":true,"href":"https:\/\/agromt.news\/index.php?rest_route=%2Fwp%2Fv2%2Fcomments&post=4160"}],"version-history":[{"count":0,"href":"https:\/\/agromt.news\/index.php?rest_route=\/wp\/v2\/posts\/4160\/revisions"}],"wp:featuredmedia":[{"embeddable":true,"href":"https:\/\/agromt.news\/index.php?rest_route=\/wp\/v2\/media\/4161"}],"wp:attachment":[{"href":"https:\/\/agromt.news\/index.php?rest_route=%2Fwp%2Fv2%2Fmedia&parent=4160"}],"wp:term":[{"taxonomy":"category","embeddable":true,"href":"https:\/\/agromt.news\/index.php?rest_route=%2Fwp%2Fv2%2Fcategories&post=4160"},{"taxonomy":"post_tag","embeddable":true,"href":"https:\/\/agromt.news\/index.php?rest_route=%2Fwp%2Fv2%2Ftags&post=4160"}],"curies":[{"name":"wp","href":"https:\/\/api.w.org\/{rel}","templated":true}]}}