{"id":4063,"date":"2024-10-28T00:48:04","date_gmt":"2024-10-28T04:48:04","guid":{"rendered":"https:\/\/agromt.news\/?p=4063"},"modified":"2024-10-28T00:48:04","modified_gmt":"2024-10-28T04:48:04","slug":"evandro-leitao-e-eleito-no-segundo-turno-para-prefeitura-de-fortaleza","status":"publish","type":"post","link":"https:\/\/agromt.news\/?p=4063","title":{"rendered":"Evandro Leit\u00e3o \u00e9 eleito no segundo turno para Prefeitura de Fortaleza"},"content":{"rendered":"<p> <br \/>\n<\/p>\n<div>\n<p>O candidato Evandro Leit\u00e3o (PT) venceu a disputa para a prefeitura de Fortaleza (CE), com 50,37% dos votos v\u00e1lidos. Ele disputou o segundo turno com Andr\u00e9 Fernandes (PL) que at\u00e9 o momento teve 49,63% dos votos v\u00e1lidos. At\u00e9 agora foram apurados 99,60% das urnas.<img decoding=\"async\" src=\"https:\/\/agromt.news\/wp-content\/uploads\/2024\/10\/Evandro-Leitao-e-eleito-no-segundo-turno-para-Prefeitura-de.png\"\/><img decoding=\"async\" src=\"https:\/\/agromt.news\/wp-content\/uploads\/2024\/10\/Evandro-Leitao-e-eleito-no-segundo-turno-para-Prefeitura-de.png\"\/><img decoding=\"async\" src=\"https:\/\/agromt.news\/wp-content\/uploads\/2024\/10\/Evandro-Leitao-e-eleito-no-segundo-turno-para-Prefeitura-de.gif\"\/><img decoding=\"async\" src=\"https:\/\/agromt.news\/wp-content\/uploads\/2024\/10\/Evandro-Leitao-e-eleito-no-segundo-turno-para-Prefeitura-de.gif\"\/><\/p>\n<p><em>Confira na palma da <\/em>m\u00e3o <em>informa\u00e7\u00f5es quentes sobre agricultura, pecu\u00e1ria, economia e previs\u00e3o do tempo:<\/em><a href=\"https:\/\/www.whatsapp.com\/channel\/0029Va9VnZxGk1FplZjiW43k\"><em> <\/em><strong>siga o Canal Rural no WhatsApp<\/strong><\/a>!<\/p>\n<\/div>\n<div>\n<p>Evandro Leit\u00e3o, do PT, tem 57 anos e est\u00e1 em seu terceiro mandato consecutivo de deputado estadual. Servidor p\u00fablico de carreira, \u00e9 auditor adjunto da Secretaria da Fazenda do Estado do Cear\u00e1. \u00c9 formado em ci\u00eancias econ\u00f4micas pela Universidade de Fortaleza (Unifor) e em direito pela Faculdade Integrada do Cear\u00e1 (FIC).<\/p>\n<\/p><\/div>\n<p><br \/>\n<br \/><a href=\"https:\/\/www.canalrural.com.br\/politica\/evandro-leitao-e-eleito-no-segundo-turno-para-prefeitura-de-fortaleza\/\">Source link <\/a><\/p>\n","protected":false},"excerpt":{"rendered":"<p>O candidato Evandro Leit\u00e3o (PT) venceu a disputa para a prefeitura de Fortaleza (CE), com 50,37% dos votos v\u00e1lidos. Ele<\/p>\n","protected":false},"author":1,"featured_media":4064,"comment_status":"open","ping_status":"open","sticky":false,"template":"","format":"standard","meta":{"_monsterinsights_skip_tracking":false,"_monsterinsights_sitenote_active":false,"_monsterinsights_sitenote_note":"","_monsterinsights_sitenote_category":0,"_uf_show_specific_survey":0,"_uf_disable_surveys":false,"footnotes":""},"categories":[1],"tags":[],"class_list":["post-4063","post","type-post","status-publish","format-standard","has-post-thumbnail","hentry","category-news"],"_links":{"self":[{"href":"https:\/\/agromt.news\/index.php?rest_route=\/wp\/v2\/posts\/4063"}],"collection":[{"href":"https:\/\/agromt.news\/index.php?rest_route=\/wp\/v2\/posts"}],"about":[{"href":"https:\/\/agromt.news\/index.php?rest_route=\/wp\/v2\/types\/post"}],"author":[{"embeddable":true,"href":"https:\/\/agromt.news\/index.php?rest_route=\/wp\/v2\/users\/1"}],"replies":[{"embeddable":true,"href":"https:\/\/agromt.news\/index.php?rest_route=%2Fwp%2Fv2%2Fcomments&post=4063"}],"version-history":[{"count":0,"href":"https:\/\/agromt.news\/index.php?rest_route=\/wp\/v2\/posts\/4063\/revisions"}],"wp:featuredmedia":[{"embeddable":true,"href":"https:\/\/agromt.news\/index.php?rest_route=\/wp\/v2\/media\/4064"}],"wp:attachment":[{"href":"https:\/\/agromt.news\/index.php?rest_route=%2Fwp%2Fv2%2Fmedia&parent=4063"}],"wp:term":[{"taxonomy":"category","embeddable":true,"href":"https:\/\/agromt.news\/index.php?rest_route=%2Fwp%2Fv2%2Fcategories&post=4063"},{"taxonomy":"post_tag","embeddable":true,"href":"https:\/\/agromt.news\/index.php?rest_route=%2Fwp%2Fv2%2Ftags&post=4063"}],"curies":[{"name":"wp","href":"https:\/\/api.w.org\/{rel}","templated":true}]}}