{"id":4057,"date":"2024-10-27T23:09:23","date_gmt":"2024-10-28T03:09:23","guid":{"rendered":"https:\/\/agromt.news\/?p=4057"},"modified":"2024-10-27T23:09:23","modified_gmt":"2024-10-28T03:09:23","slug":"eduardo-pimentel-sera-o-novo-prefeito-de-curitiba","status":"publish","type":"post","link":"https:\/\/agromt.news\/?p=4057","title":{"rendered":"Eduardo Pimentel ser\u00e1 o novo prefeito de Curitiba"},"content":{"rendered":"<p> <br \/>\n<\/p>\n<div>\n<p>Eduardo Pimentel (PSD) venceu a disputa para a prefeitura da capital paranaense,\u00a0Curitiba, com 57,34% dos votos v\u00e1lidos. Ele disputou o segundo turno com\u00a0 Cristina Graeml (PMB),\u00a0que\u00a0teve 42,66% dos votos v\u00e1lidos. At\u00e9 agora foram apuradas 94,41% das urnas.<img decoding=\"async\" src=\"https:\/\/agromt.news\/wp-content\/uploads\/2024\/10\/Eduardo-Pimentel-sera-o-novo-prefeito-de-Curitiba.png\"\/><img decoding=\"async\" src=\"https:\/\/agromt.news\/wp-content\/uploads\/2024\/10\/Eduardo-Pimentel-sera-o-novo-prefeito-de-Curitiba.png\"\/><img decoding=\"async\" src=\"https:\/\/agromt.news\/wp-content\/uploads\/2024\/10\/Eduardo-Pimentel-sera-o-novo-prefeito-de-Curitiba.gif\"\/><img decoding=\"async\" src=\"https:\/\/agromt.news\/wp-content\/uploads\/2024\/10\/Eduardo-Pimentel-sera-o-novo-prefeito-de-Curitiba.gif\"\/><\/p>\n<\/div>\n<div>\n<p>Aos 40 anos, Pimentel disputa a elei\u00e7\u00e3o com apoio da coliga\u00e7\u00e3o Curitiba Amor e Inova\u00e7\u00e3o, formada pelos partidos PSD, Podemos, Republicanos, PL, MDB, Novo, Avante e PRTB. Pimentel j\u00e1 foi vice-prefeito de Curitiba em 2016 e 2020, na chapa de Rafael Greca. Tamb\u00e9m j\u00e1 ocupou o cargo de\u00a0secret\u00e1rio municipal de Obras P\u00fablicas.\u00a0<\/p>\n<\/p><\/div>\n<p><br \/>\n<br \/><a href=\"https:\/\/www.canalrural.com.br\/politica\/eduardo-pimentel-sera-o-novo-prefeito-de-curitiba\/\">Source link <\/a><\/p>\n","protected":false},"excerpt":{"rendered":"<p>Eduardo Pimentel (PSD) venceu a disputa para a prefeitura da capital paranaense,\u00a0Curitiba, com 57,34% dos votos v\u00e1lidos. Ele disputou o<\/p>\n","protected":false},"author":1,"featured_media":4058,"comment_status":"open","ping_status":"open","sticky":false,"template":"","format":"standard","meta":{"_monsterinsights_skip_tracking":false,"_monsterinsights_sitenote_active":false,"_monsterinsights_sitenote_note":"","_monsterinsights_sitenote_category":0,"_uf_show_specific_survey":0,"_uf_disable_surveys":false,"footnotes":""},"categories":[1],"tags":[],"class_list":["post-4057","post","type-post","status-publish","format-standard","has-post-thumbnail","hentry","category-news"],"_links":{"self":[{"href":"https:\/\/agromt.news\/index.php?rest_route=\/wp\/v2\/posts\/4057"}],"collection":[{"href":"https:\/\/agromt.news\/index.php?rest_route=\/wp\/v2\/posts"}],"about":[{"href":"https:\/\/agromt.news\/index.php?rest_route=\/wp\/v2\/types\/post"}],"author":[{"embeddable":true,"href":"https:\/\/agromt.news\/index.php?rest_route=\/wp\/v2\/users\/1"}],"replies":[{"embeddable":true,"href":"https:\/\/agromt.news\/index.php?rest_route=%2Fwp%2Fv2%2Fcomments&post=4057"}],"version-history":[{"count":0,"href":"https:\/\/agromt.news\/index.php?rest_route=\/wp\/v2\/posts\/4057\/revisions"}],"wp:featuredmedia":[{"embeddable":true,"href":"https:\/\/agromt.news\/index.php?rest_route=\/wp\/v2\/media\/4058"}],"wp:attachment":[{"href":"https:\/\/agromt.news\/index.php?rest_route=%2Fwp%2Fv2%2Fmedia&parent=4057"}],"wp:term":[{"taxonomy":"category","embeddable":true,"href":"https:\/\/agromt.news\/index.php?rest_route=%2Fwp%2Fv2%2Fcategories&post=4057"},{"taxonomy":"post_tag","embeddable":true,"href":"https:\/\/agromt.news\/index.php?rest_route=%2Fwp%2Fv2%2Ftags&post=4057"}],"curies":[{"name":"wp","href":"https:\/\/api.w.org\/{rel}","templated":true}]}}