{"id":4053,"date":"2024-10-27T22:08:30","date_gmt":"2024-10-28T02:08:30","guid":{"rendered":"https:\/\/agromt.news\/?p=4053"},"modified":"2024-10-27T22:08:30","modified_gmt":"2024-10-28T02:08:30","slug":"david-almeida-e-reeleito-em-manaus","status":"publish","type":"post","link":"https:\/\/agromt.news\/?p=4053","title":{"rendered":"David Almeida \u00e9 reeleito em Manaus"},"content":{"rendered":"<p> <br \/>\n<\/p>\n<div>\n<figure class=\"wp-block-image size-large\"><img decoding=\"async\" alt=\"\" class=\"wp-image-4073840\" src=\"https:\/\/agromt.news\/wp-content\/uploads\/2024\/10\/David-Almeida-e-reeleito-em-Manaus.png\"\/><img decoding=\"async\" src=\"https:\/\/agromt.news\/wp-content\/uploads\/2024\/10\/David-Almeida-e-reeleito-em-Manaus.png\" alt=\"\" class=\"wp-image-4073840\"\/><\/figure>\n<p>O candidato David Almeida (Avante) foi reeleito para a prefeitura da cidade de Manaus, com 54,58% dos votos v\u00e1lidos. Ele disputou o segundo turno com Capit\u00e3o Alberto Neto (PL) que at\u00e9 o momento teve 45,42% dos votos v\u00e1lidos. At\u00e9 agora, 94,49% das urnas foram apuradas.<\/p>\n<p>David Almeida, de 55 anos, \u00e9 o atual prefeito de Manaus. Ele j\u00e1 foi deputado estadual em tr\u00eas mandatos e chegou a assumir interinamente o governo do Amazonas quando era presidente da Assembleia Legislativa e o governador e o vice da \u00e9poca tiveram seus mandatos cassados pelo Tribunal Superior Eleitoral.<\/p>\n<\/div>\n<div>\n<p>O vice-prefeito eleito em sua chapa \u00e9 o empres\u00e1rio Renato J\u00fanior (Avante), que substituir\u00e1 o atual vice-prefeito Marcos Rotta, que j\u00e1 estava em seu segundo mandato de vice-prefeito.<\/p>\n<blockquote class=\"wp-block-quote is-layout-flow wp-block-quote-is-layout-flow\">\n<blockquote class=\"wp-block-quote is-layout-flow wp-block-quote-is-layout-flow\"\/><\/blockquote><\/div>\n<p><br \/>\n<br \/><a href=\"https:\/\/www.canalrural.com.br\/politica\/david-almeida-e-reeleito-em-manaus\/\">Source link <\/a><\/p>\n","protected":false},"excerpt":{"rendered":"<p>O candidato David Almeida (Avante) foi reeleito para a prefeitura da cidade de Manaus, com 54,58% dos votos v\u00e1lidos. Ele<\/p>\n","protected":false},"author":1,"featured_media":4054,"comment_status":"open","ping_status":"open","sticky":false,"template":"","format":"standard","meta":{"_monsterinsights_skip_tracking":false,"_monsterinsights_sitenote_active":false,"_monsterinsights_sitenote_note":"","_monsterinsights_sitenote_category":0,"_uf_show_specific_survey":0,"_uf_disable_surveys":false,"footnotes":""},"categories":[1],"tags":[],"class_list":["post-4053","post","type-post","status-publish","format-standard","has-post-thumbnail","hentry","category-news"],"_links":{"self":[{"href":"https:\/\/agromt.news\/index.php?rest_route=\/wp\/v2\/posts\/4053"}],"collection":[{"href":"https:\/\/agromt.news\/index.php?rest_route=\/wp\/v2\/posts"}],"about":[{"href":"https:\/\/agromt.news\/index.php?rest_route=\/wp\/v2\/types\/post"}],"author":[{"embeddable":true,"href":"https:\/\/agromt.news\/index.php?rest_route=\/wp\/v2\/users\/1"}],"replies":[{"embeddable":true,"href":"https:\/\/agromt.news\/index.php?rest_route=%2Fwp%2Fv2%2Fcomments&post=4053"}],"version-history":[{"count":0,"href":"https:\/\/agromt.news\/index.php?rest_route=\/wp\/v2\/posts\/4053\/revisions"}],"wp:featuredmedia":[{"embeddable":true,"href":"https:\/\/agromt.news\/index.php?rest_route=\/wp\/v2\/media\/4054"}],"wp:attachment":[{"href":"https:\/\/agromt.news\/index.php?rest_route=%2Fwp%2Fv2%2Fmedia&parent=4053"}],"wp:term":[{"taxonomy":"category","embeddable":true,"href":"https:\/\/agromt.news\/index.php?rest_route=%2Fwp%2Fv2%2Fcategories&post=4053"},{"taxonomy":"post_tag","embeddable":true,"href":"https:\/\/agromt.news\/index.php?rest_route=%2Fwp%2Fv2%2Ftags&post=4053"}],"curies":[{"name":"wp","href":"https:\/\/api.w.org\/{rel}","templated":true}]}}