{"id":4045,"date":"2024-10-27T17:25:31","date_gmt":"2024-10-27T21:25:31","guid":{"rendered":"https:\/\/agromt.news\/?p=4045"},"modified":"2024-10-27T17:25:31","modified_gmt":"2024-10-27T21:25:31","slug":"voce-viu-chuva-forte-derruba-estrutura-de-feira-agropecuaria-no-interior-de-sp","status":"publish","type":"post","link":"https:\/\/agromt.news\/?p=4045","title":{"rendered":"Voc\u00ea viu? Chuva forte derruba estrutura de feira agropecu\u00e1ria no interior de SP"},"content":{"rendered":"<p> <br \/>\n<br \/><img decoding=\"async\" src=\"https:\/\/imagens-cdn.canalrural.com.br\/2024\/10\/whatsapp-image-2024-10-24-at-17.55.53-1-.avif\" \/><\/p>\n<div>\n<p>Avar\u00e9, <a href=\"https:\/\/www.canalrural.com.br\/tag\/interior-de-sao-paulo\/\">interior de S\u00e3o Paulo<\/a>, enfrentou um forte temporal na tarde da \u00faltima quinta-feira (24), que resultou na destrui\u00e7\u00e3o de um dos barrac\u00f5es da Exposi\u00e7\u00e3o Municipal Agropecu\u00e1ria de Avar\u00e9 (Emapa). O vendaval, que trouxe rajadas de vento de at\u00e9 65 km\/h e uma chuva acumulada de 82 mil\u00edmetros em 24 horas, causou diversos estragos pela cidade.<\/p>\n<p><em>Confira na palma da <\/em>m\u00e3o <em>informa\u00e7\u00f5es quentes sobre agricultura, pecu\u00e1ria, economia e previs\u00e3o do tempo:<\/em><a href=\"https:\/\/www.whatsapp.com\/channel\/0029Va9VnZxGk1FplZjiW43k\"><em> <\/em><strong>siga o Canal Rural no WhatsApp<\/strong><\/a>!<\/p>\n<h2 class=\"wp-block-heading\" id=\"h-estrutura-colapsa-durante-evento\"><strong>Estrutura colapsa durante evento<\/strong><\/h2>\n<p>O barrac\u00e3o de provas da Copa Avar\u00e9 Tambor e Baliza, que estava em andamento no momento da tempestade, desabou devido \u00e0 for\u00e7a dos ventos. Cerca de 150 pessoas estavam no local, mas felizmente ningu\u00e9m se feriu. Ao lado da estrutura atingida, uma pista de competi\u00e7\u00f5es que havia sido destru\u00edda por um ciclone em novembro de 2023 tamb\u00e9m sofreu com os impactos do novo temporal, com o local ficando alagado pelas chuvas recentes.<\/p>\n<\/div>\n<div>\n<h2 class=\"wp-block-heading\" id=\"h-equipes-trabalham-para-reparar-os-danos\"><strong>Equipes trabalham para reparar os danos<\/strong><\/h2>\n<p>Desde a passagem do temporal, a Prefeitura de Avar\u00e9, juntamente com a Defesa Civil, Corpo de Bombeiros e outras equipes, trabalha para desobstruir ruas e atender os moradores afetados. O Comit\u00ea de Gest\u00e3o de Crise foi montado para coordenar a recupera\u00e7\u00e3o, incluindo a retirada de \u00e1rvores ca\u00eddas, o restabelecimento de energia em diversos pontos e a vistoria de im\u00f3veis danificados. Seis pessoas de duas fam\u00edlias foram desalojadas e est\u00e3o abrigadas em casas de parentes.<\/p>\n<h2 class=\"wp-block-heading\" id=\"h-historico-de-estragos\"><strong>Hist\u00f3rico de estragos<\/strong><\/h2>\n<p>Esta \u00e9 a segunda vez em menos de um ano que a estrutura do Parque de Exposi\u00e7\u00f5es de Avar\u00e9 sofre com eventos clim\u00e1ticos severos. Em novembro de 2023, um ciclone com ventos de 130 km\/h j\u00e1 havia destru\u00eddo outra parte do complexo. As obras de reconstru\u00e7\u00e3o da pista come\u00e7aram, mas a nova tempestade trouxe novos preju\u00edzos.<\/p>\n<\/p><\/div>\n<p><br \/>\n<br \/><a href=\"https:\/\/www.canalrural.com.br\/agricultura\/voce-viu-chuva-forte-derruba-estrutura-de-feira-agropecuaria-no-interior-de-sp\/\">Source link <\/a><\/p>\n","protected":false},"excerpt":{"rendered":"<p>Avar\u00e9, interior de S\u00e3o Paulo, enfrentou um forte temporal na tarde da \u00faltima quinta-feira (24), que resultou na destrui\u00e7\u00e3o de<\/p>\n","protected":false},"author":1,"featured_media":4046,"comment_status":"open","ping_status":"open","sticky":false,"template":"","format":"standard","meta":{"_monsterinsights_skip_tracking":false,"_monsterinsights_sitenote_active":false,"_monsterinsights_sitenote_note":"","_monsterinsights_sitenote_category":0,"_uf_show_specific_survey":0,"_uf_disable_surveys":false,"footnotes":""},"categories":[1],"tags":[],"class_list":["post-4045","post","type-post","status-publish","format-standard","has-post-thumbnail","hentry","category-news"],"_links":{"self":[{"href":"https:\/\/agromt.news\/index.php?rest_route=\/wp\/v2\/posts\/4045"}],"collection":[{"href":"https:\/\/agromt.news\/index.php?rest_route=\/wp\/v2\/posts"}],"about":[{"href":"https:\/\/agromt.news\/index.php?rest_route=\/wp\/v2\/types\/post"}],"author":[{"embeddable":true,"href":"https:\/\/agromt.news\/index.php?rest_route=\/wp\/v2\/users\/1"}],"replies":[{"embeddable":true,"href":"https:\/\/agromt.news\/index.php?rest_route=%2Fwp%2Fv2%2Fcomments&post=4045"}],"version-history":[{"count":0,"href":"https:\/\/agromt.news\/index.php?rest_route=\/wp\/v2\/posts\/4045\/revisions"}],"wp:featuredmedia":[{"embeddable":true,"href":"https:\/\/agromt.news\/index.php?rest_route=\/wp\/v2\/media\/4046"}],"wp:attachment":[{"href":"https:\/\/agromt.news\/index.php?rest_route=%2Fwp%2Fv2%2Fmedia&parent=4045"}],"wp:term":[{"taxonomy":"category","embeddable":true,"href":"https:\/\/agromt.news\/index.php?rest_route=%2Fwp%2Fv2%2Fcategories&post=4045"},{"taxonomy":"post_tag","embeddable":true,"href":"https:\/\/agromt.news\/index.php?rest_route=%2Fwp%2Fv2%2Ftags&post=4045"}],"curies":[{"name":"wp","href":"https:\/\/api.w.org\/{rel}","templated":true}]}}