{"id":3907,"date":"2024-10-24T15:33:07","date_gmt":"2024-10-24T19:33:07","guid":{"rendered":"https:\/\/agromt.news\/?p=3907"},"modified":"2024-10-24T15:33:07","modified_gmt":"2024-10-24T19:33:07","slug":"reunioes-com-ministros-russos-fortalecem-parcerias-em-proteinas-e-setor-vegetal-avalia-luis-rua","status":"publish","type":"post","link":"https:\/\/agromt.news\/?p=3907","title":{"rendered":"&#8216;Reuni\u00f5es com ministros russos fortalecem parcerias em prote\u00ednas e setor vegetal&#8217;, avalia Lu\u00eds Rua"},"content":{"rendered":"<p> <br \/>\n<br \/><img decoding=\"async\" src=\"https:\/\/agromt.news\/wp-content\/uploads\/2024\/10\/brics-entenda.jpg\" \/><\/p>\n<div>\n<p>Termina hoje (24), em Kazan, na R\u00fassia, a <a href=\"https:\/\/www.canalrural.com.br\/tag\/brics\/\">16\u00aa C\u00fapula do Brics<\/a>, que re\u00fane Brasil, R\u00fassia, \u00cdndia, China, \u00c1frica do Sul e outros cinco pa\u00edses. Entre os principais temas discutidos no encontro est\u00e3o seguran\u00e7a alimentar, mudan\u00e7as clim\u00e1ticas e alternativas para o uso de moedas locais no com\u00e9rcio internacional. O evento contou com a presen\u00e7a de representantes dos pa\u00edses membros, que discutiram estrat\u00e9gias para enfrentar os desafios globais.<\/p>\n<figure class=\"wp-block-embed is-type-video is-provider-youtube wp-block-embed-youtube wp-embed-aspect-16-9 wp-has-aspect-ratio\">\n<p>\n<iframe title=\"C\u00fapula do BRICS: Minist\u00e9rio da Agricultura integra comitiva brasileira na R\u00fassia\" width=\"800\" height=\"450\" src=\"https:\/\/www.youtube.com\/embed\/iZQvEGN7R1g?feature=oembed\" frameborder=\"0\" allow=\"accelerometer; autoplay; clipboard-write; encrypted-media; gyroscope; picture-in-picture; web-share\" referrerpolicy=\"strict-origin-when-cross-origin\" allowfullscreen><\/iframe><noscript><iframe title=\"C\u00fapula do BRICS: Minist\u00e9rio da Agricultura integra comitiva brasileira na R\u00fassia\" width=\"800\" height=\"450\" src=\"https:\/\/www.youtube.com\/embed\/iZQvEGN7R1g?feature=oembed\" frameborder=\"0\" allow=\"accelerometer; autoplay; clipboard-write; encrypted-media; gyroscope; picture-in-picture; web-share\" referrerpolicy=\"strict-origin-when-cross-origin\" allowfullscreen><\/iframe><\/noscript>\n<\/p>\n<\/figure>\n<p><em>Confira na palma da <\/em>m\u00e3o <em>informa\u00e7\u00f5es quentes sobre agricultura, pecu\u00e1ria, economia e previs\u00e3o do tempo:<\/em><a href=\"https:\/\/www.whatsapp.com\/channel\/0029Va9VnZxGk1FplZjiW43k\"><em> <\/em><strong>siga o Canal Rural no WhatsApp<\/strong><\/a>!<\/p>\n<p>Lu\u00eds Rua, secret\u00e1rio de Com\u00e9rcio e Rela\u00e7\u00f5es Internacionais do Minist\u00e9rio da Agricultura, integrou a delega\u00e7\u00e3o brasileira, liderada pelo chanceler Mauro Vieira. Em v\u00eddeo, Lu\u00eds Rua fez um balan\u00e7o dos dois dias de reuni\u00f5es, destacando a relev\u00e2ncia das pautas tratadas para o fortalecimento do bloco. \u201cForam dois dias muito intensos, onde tivemos a oportunidade de discutir temas estrat\u00e9gicos como seguran\u00e7a alimentar, mudan\u00e7as clim\u00e1ticas e alternativas ao uso de moedas locais para o com\u00e9rcio internacional\u201d, afirmou.<\/p>\n<\/div>\n<div>\n<p>Al\u00e9m da participa\u00e7\u00e3o nas discuss\u00f5es da c\u00fapula, a delega\u00e7\u00e3o brasileira tamb\u00e9m realizou reuni\u00f5es bilaterais com a ministra da Agricultura da R\u00fassia e o ministro da Rep\u00fablica do Tartarist\u00e3o. <\/p>\n<p>Segundo Lu\u00eds Rua, essas reuni\u00f5es foram fundamentais para o avan\u00e7o das negocia\u00e7\u00f5es comerciais. \u201cDiscutimos uma s\u00e9rie de temas importantes, como prote\u00ednas animais, certifica\u00e7\u00e3o eletr\u00f4nica e coopera\u00e7\u00e3o no setor vegetal. Foi uma pauta muito positiva para fortalecer a parceria com a R\u00fassia\u201d, acrescentou.<\/p>\n<\/p><\/div>\n<p><br \/>\n<br \/><a href=\"https:\/\/www.canalrural.com.br\/diversos\/reunioes-com-ministros-russos-fortalecem-parcerias-em-proteinas-e-setor-vegetal-avalia-luis-rua\/\">Source link <\/a><\/p>\n","protected":false},"excerpt":{"rendered":"<p>Termina hoje (24), em Kazan, na R\u00fassia, a 16\u00aa C\u00fapula do Brics, que re\u00fane Brasil, R\u00fassia, \u00cdndia, China, \u00c1frica do<\/p>\n","protected":false},"author":1,"featured_media":3657,"comment_status":"open","ping_status":"open","sticky":false,"template":"","format":"standard","meta":{"_monsterinsights_skip_tracking":false,"_monsterinsights_sitenote_active":false,"_monsterinsights_sitenote_note":"","_monsterinsights_sitenote_category":0,"_uf_show_specific_survey":0,"_uf_disable_surveys":false,"footnotes":""},"categories":[1],"tags":[],"class_list":["post-3907","post","type-post","status-publish","format-standard","has-post-thumbnail","hentry","category-news"],"_links":{"self":[{"href":"https:\/\/agromt.news\/index.php?rest_route=\/wp\/v2\/posts\/3907"}],"collection":[{"href":"https:\/\/agromt.news\/index.php?rest_route=\/wp\/v2\/posts"}],"about":[{"href":"https:\/\/agromt.news\/index.php?rest_route=\/wp\/v2\/types\/post"}],"author":[{"embeddable":true,"href":"https:\/\/agromt.news\/index.php?rest_route=\/wp\/v2\/users\/1"}],"replies":[{"embeddable":true,"href":"https:\/\/agromt.news\/index.php?rest_route=%2Fwp%2Fv2%2Fcomments&post=3907"}],"version-history":[{"count":0,"href":"https:\/\/agromt.news\/index.php?rest_route=\/wp\/v2\/posts\/3907\/revisions"}],"wp:featuredmedia":[{"embeddable":true,"href":"https:\/\/agromt.news\/index.php?rest_route=\/wp\/v2\/media\/3657"}],"wp:attachment":[{"href":"https:\/\/agromt.news\/index.php?rest_route=%2Fwp%2Fv2%2Fmedia&parent=3907"}],"wp:term":[{"taxonomy":"category","embeddable":true,"href":"https:\/\/agromt.news\/index.php?rest_route=%2Fwp%2Fv2%2Fcategories&post=3907"},{"taxonomy":"post_tag","embeddable":true,"href":"https:\/\/agromt.news\/index.php?rest_route=%2Fwp%2Fv2%2Ftags&post=3907"}],"curies":[{"name":"wp","href":"https:\/\/api.w.org\/{rel}","templated":true}]}}