{"id":3903,"date":"2024-10-24T14:48:52","date_gmt":"2024-10-24T18:48:52","guid":{"rendered":"https:\/\/agromt.news\/?p=3903"},"modified":"2024-10-24T14:48:52","modified_gmt":"2024-10-24T18:48:52","slug":"intencao-de-consumo-das-familias-tem-quarta-queda-consecutiva","status":"publish","type":"post","link":"https:\/\/agromt.news\/?p=3903","title":{"rendered":"Inten\u00e7\u00e3o de consumo das fam\u00edlias tem quarta queda consecutiva"},"content":{"rendered":"<p> <br \/>\n<\/p>\n<div>\n<p>A Inten\u00e7\u00e3o de Consumo das Fam\u00edlias (ICF) recuou 0,6% de setembro para outubro, descontados os efeitos sazonais, o quarto resultado negativo consecutivo e o mais intenso no per\u00edodo. <\/p>\n<p>A diminui\u00e7\u00e3o da inten\u00e7\u00e3o pode ser percebida tamb\u00e9m na an\u00e1lise anual, com queda de 1,2%. O indicador ainda se mant\u00e9m no n\u00edvel de satisfa\u00e7\u00e3o com 103,2 pontos; por\u00e9m, est\u00e1 no menor patamar desde mar\u00e7o deste ano. \u00c9 o que revela a Confedera\u00e7\u00e3o Nacional do Com\u00e9rcio de Bens, Servi\u00e7os e Turismo (CNC).<\/p>\n<p>Segundo a CNC, todos os componentes apresentaram movimento de queda, com exce\u00e7\u00e3o da Perspectiva Profissional, que n\u00e3o apresentou altera\u00e7\u00f5es. O Momento para Dur\u00e1veis teve a maior redu\u00e7\u00e3o da sua taxa, apresentando uma redu\u00e7\u00e3o anual igual \u00e0 sua redu\u00e7\u00e3o no \u00faltimo m\u00eas <strong>(-1,8%)<\/strong>. <\/p>\n<p>Na an\u00e1lise geral, o Emprego Atual \u00e9 o item com maior pontua\u00e7\u00e3o na ICF, o que demonstra a satisfa\u00e7\u00e3o dos trabalhadores. Em outubro, a Perspectiva Profissional dos consumidores foi o \u00fanico item que n\u00e3o obteve redu\u00e7\u00e3o na compara\u00e7\u00e3o mensal, mantendo o menor saldo desde junho de 2023. A Renda Atual continuou avan\u00e7ando <strong>(+3,7%)<\/strong> como a maior varia\u00e7\u00e3o anual dentro de todos os componentes.<\/p>\n<h2 class=\"wp-block-heading\" id=\"h-cautela-no-consumo\">Cautela no consumo<\/h2>\n<p>O economista-chefe da CNC, Felipe Tavares, diz que os consumidores est\u00e3o mais cautelosos em rela\u00e7\u00e3o ao consumo. <\/p>\n<p>\u201cO principal subindicador do \u00edndice foi a queda de inten\u00e7\u00e3o de consumo de bens dur\u00e1veis, caindo 1,8% na varia\u00e7\u00e3o mensal, e o consumo de perspectiva em curto prazo tamb\u00e9m caiu, com 1,2% de queda no m\u00eas\u201d. <\/p>\n<\/div>\n<div>\n<p>Segundo ele, o grande fator que puxou para baixo esses n\u00fameros foi a diminui\u00e7\u00e3o da perspectiva sobre o emprego.<\/p>\n<p>No entanto, a Perspectiva Profissional recuou 4,1% no ano, sugerindo maior cautela em rela\u00e7\u00e3o \u00e0 empregabilidade futura. Na compara\u00e7\u00e3o mensal, o N\u00edvel de Consumo Atual \u2013 ICF tamb\u00e9m recuou, assim como o Emprego Atual.<\/p>\n<p>\u201cA recente an\u00e1lise mensal destacou um fator negativo significativo: a queda de 4,2% na Perspectiva de Consumo. Essa diminui\u00e7\u00e3o reflete um cen\u00e1rio econ\u00f4mico desafiador, marcado pelo aumento da Selic, a taxa b\u00e1sica de juros do Brasil, que iniciou um novo ciclo de alta dos juros\u201d, considera Tavares. <\/p>\n<h2 class=\"wp-block-heading\" id=\"h-contencao-da-inflacao\">Conten\u00e7\u00e3o da infla\u00e7\u00e3o<\/h2>\n<figure class=\"wp-block-image size-full\"><img fetchpriority=\"high\" decoding=\"async\" width=\"500\" height=\"300\" alt=\"cr\u00e9dito - dinheiro - produtor rural - d\u00edvidas - ibama - super\u00e1vit comercial - fpa - linhas de cr\u00e9dito - bndes\" class=\"wp-image-2900444\"  data-lazy- src=\"https:\/\/agromt.news\/wp-content\/uploads\/2024\/10\/Intencao-de-consumo-das-familias-tem-quarta-queda-consecutiva.jpg\"\/><img decoding=\"async\" width=\"500\" height=\"300\" src=\"https:\/\/agromt.news\/wp-content\/uploads\/2024\/10\/Intencao-de-consumo-das-familias-tem-quarta-queda-consecutiva.jpg\" alt=\"cr\u00e9dito - dinheiro - produtor rural - d\u00edvidas - ibama - super\u00e1vit comercial - fpa - linhas de cr\u00e9dito - bndes\" class=\"wp-image-2900444\"  \/><figcaption class=\"wp-element-caption\">Foto: Marcello Casal Jr.\/Ag\u00eancia Brasil<\/figcaption><\/figure>\n<p>A Confedera\u00e7\u00e3o aponta que o aumento das taxas de juros \u00e9 uma medida adotada pelo Banco Central para conter a infla\u00e7\u00e3o, mas tamb\u00e9m traz uma s\u00e9rie de implica\u00e7\u00f5es. \u201cCom a Selic mais alta, o custo do cr\u00e9dito aumenta, o que explica tamb\u00e9m a queda do Acesso ao Cr\u00e9dito e, al\u00e9m disso, pode desestimular o consumo das fam\u00edlias\u201d, destaca a CNC.<\/p>\n<p>\u201cAs incertezas em rela\u00e7\u00e3o aos ajustes que ser\u00e3o feitos pelo governo para se enquadrar no arcabou\u00e7o fiscal tamb\u00e9m geram um clima de apreens\u00e3o entre os consumidores, com a possibilidade de ajustes de gastos p\u00fablicos e arrecada\u00e7\u00e3o\u201d, completa.<\/p>\n<p>Segundo a entidade, esses fatores impactam diretamente a expectativa de consumo. Quando os consumidores est\u00e3o inseguros quanto \u00e0 sua situa\u00e7\u00e3o profissional e financeira futura, tendem a reduzir o Consumo Atual. <\/p>\n<p>Assim, o consumidor se torna mais seletivo nas suas compras, e as institui\u00e7\u00f5es financeiras ficam mais seletivas em rela\u00e7\u00e3o aos crit\u00e9rios de risco de seus tomadores, reduzindo o potencial de consumo.<\/p>\n<\/p><\/div>\n<p><br \/>\n<br \/><a href=\"https:\/\/www.canalrural.com.br\/economia\/intencao-de-consumo-das-familias-tem-quarta-queda-consecutiva\/\">Source link <\/a><\/p>\n","protected":false},"excerpt":{"rendered":"<p>A Inten\u00e7\u00e3o de Consumo das Fam\u00edlias (ICF) recuou 0,6% de setembro para outubro, descontados os efeitos sazonais, o quarto resultado<\/p>\n","protected":false},"author":1,"featured_media":3904,"comment_status":"open","ping_status":"open","sticky":false,"template":"","format":"standard","meta":{"_monsterinsights_skip_tracking":false,"_monsterinsights_sitenote_active":false,"_monsterinsights_sitenote_note":"","_monsterinsights_sitenote_category":0,"_uf_show_specific_survey":0,"_uf_disable_surveys":false,"footnotes":""},"categories":[1],"tags":[],"class_list":["post-3903","post","type-post","status-publish","format-standard","has-post-thumbnail","hentry","category-news"],"_links":{"self":[{"href":"https:\/\/agromt.news\/index.php?rest_route=\/wp\/v2\/posts\/3903"}],"collection":[{"href":"https:\/\/agromt.news\/index.php?rest_route=\/wp\/v2\/posts"}],"about":[{"href":"https:\/\/agromt.news\/index.php?rest_route=\/wp\/v2\/types\/post"}],"author":[{"embeddable":true,"href":"https:\/\/agromt.news\/index.php?rest_route=\/wp\/v2\/users\/1"}],"replies":[{"embeddable":true,"href":"https:\/\/agromt.news\/index.php?rest_route=%2Fwp%2Fv2%2Fcomments&post=3903"}],"version-history":[{"count":0,"href":"https:\/\/agromt.news\/index.php?rest_route=\/wp\/v2\/posts\/3903\/revisions"}],"wp:featuredmedia":[{"embeddable":true,"href":"https:\/\/agromt.news\/index.php?rest_route=\/wp\/v2\/media\/3904"}],"wp:attachment":[{"href":"https:\/\/agromt.news\/index.php?rest_route=%2Fwp%2Fv2%2Fmedia&parent=3903"}],"wp:term":[{"taxonomy":"category","embeddable":true,"href":"https:\/\/agromt.news\/index.php?rest_route=%2Fwp%2Fv2%2Fcategories&post=3903"},{"taxonomy":"post_tag","embeddable":true,"href":"https:\/\/agromt.news\/index.php?rest_route=%2Fwp%2Fv2%2Ftags&post=3903"}],"curies":[{"name":"wp","href":"https:\/\/api.w.org\/{rel}","templated":true}]}}