{"id":3901,"date":"2024-10-24T14:35:19","date_gmt":"2024-10-24T18:35:19","guid":{"rendered":"https:\/\/agromt.news\/?p=3901"},"modified":"2024-10-24T14:35:19","modified_gmt":"2024-10-24T18:35:19","slug":"desafios-e-oportunidades-do-mercado-da-soja-analise-de-23-24-e-projecoes-para-a-safra-24-25","status":"publish","type":"post","link":"https:\/\/agromt.news\/?p=3901","title":{"rendered":"Desafios e oportunidades do mercado da soja: an\u00e1lise de 23\/24 e proje\u00e7\u00f5es para a safra 24\/25"},"content":{"rendered":"<p> <br \/>\n<br \/><img decoding=\"async\" src=\"https:\/\/agromt.news\/wp-content\/uploads\/2024\/10\/Desafios-e-oportunidades-do-mercado-da-soja-analise-de-2324.png\" \/><\/p>\n<div>\n<p>O cen\u00e1rio da safra de <a href=\"https:\/\/www.canalrural.com.br\/agricultura\/projeto-soja-brasil\/\">soja <\/a>apresenta duas realidades distintas. Segundo Luiz Fernando Gutierrez, consultor da <a href=\"https:\/\/safras.com.br\/\">Safras &amp; Mercado<\/a>, a primeira situa\u00e7\u00e3o diz respeito \u00e0 safra 2023\/24, que se encerrar\u00e1 no final deste ano. Atualmente, observamos firmeza nos pre\u00e7os, impulsionada principalmente pela alta demanda de exporta\u00e7\u00e3o. As informa\u00e7\u00f5es foram apresentadas durante a<a href=\"https:\/\/www.canalrural.com.br\/agricultura\/projeto-soja-brasil\/moratoria-da-soja-estados-buscam-alternativas\/\"> Abertura Nacional do Plantio da Soja<\/a>, que aconteceu em A\u00e7ail\u00e2ndia. <\/p>\n<p>\u201cEstamos enfrentando uma demanda por exporta\u00e7\u00e3o e esmagamento neste ano, no entanto, n\u00e3o podemos esquecer que lidamos com desafios consider\u00e1veis. Deixamos de colher cerca de 15 milh\u00f5es de toneladas nesta temporada, principalmente devido a problemas clim\u00e1ticos no centro-norte do Brasil, que tamb\u00e9m afetaram v\u00e1rios dos principais estados produtores\u201d, explica Gutierrez.<\/p>\n<p>A combina\u00e7\u00e3o de produ\u00e7\u00e3o reduzida e alta demanda por exporta\u00e7\u00e3o e esmagamento resulta em estoques muito baixos, explicando a estabilidade nos pre\u00e7os do mercado. Os pr\u00eamios de exporta\u00e7\u00e3o est\u00e3o elevados e podem aumentar, o que n\u00e3o indica um cen\u00e1rio negativo para os pre\u00e7os. Acreditamos que eles podem subir at\u00e9 o final do ano, devido ao aperto nos estoques para a temporada 2023-2024.<\/p>\n<\/div>\n<div>\n<p class=\"has-text-align-center\"><em>Confira na palma da m\u00e3o informa\u00e7\u00f5es quentes sobre agricultura, pecu\u00e1ria, economia e previs\u00e3o do tempo:<\/em><a href=\"https:\/\/www.whatsapp.com\/channel\/0029Va9VnZxGk1FplZjiW43k\"><em>\u00a0<\/em><strong>siga o Canal Rural no WhatsApp<\/strong><\/a>!<\/p>\n<h3 class=\"wp-block-heading\" id=\"h-projecoes-para-a-safra-2024-25\">Proje\u00e7\u00f5es para a safra 2024\/25<\/h3>\n<p>Ao olharmos para 2024\/2025, o cen\u00e1rio muda. \u201cEsperamos pre\u00e7os mais fracos em 2025, especialmente ap\u00f3s a colheita, que deve come\u00e7ar em meados de janeiro, possivelmente com atrasos devido ao plantio\u201d, comenta o consultor.<\/p>\n<p>O foco est\u00e1 na produ\u00e7\u00e3o brasileira e sul-americana, que apresenta um bom potencial nesta temporada. \u201cAt\u00e9 o momento, n\u00e3o observamos problemas na safra. Os produtores precisam estar atentos para aproveitar as oportunidades que o mercado oferece\u201d, especifica Luiz Fernando.<\/p>\n<figure class=\"wp-block-embed is-type-video is-provider-youtube wp-block-embed-youtube wp-embed-aspect-16-9 wp-has-aspect-ratio\">\n<p>\n<iframe title=\"Desafios e oportunidades do mercado da soja: an\u00e1lise de 23\/24 e proje\u00e7\u00f5es para a safra 24\/25\" width=\"800\" height=\"450\" src=\"https:\/\/www.youtube.com\/embed\/FEgK68nfTAo?feature=oembed\" frameborder=\"0\" allow=\"accelerometer; autoplay; clipboard-write; encrypted-media; gyroscope; picture-in-picture; web-share\" referrerpolicy=\"strict-origin-when-cross-origin\" allowfullscreen><\/iframe><noscript><iframe title=\"Desafios e oportunidades do mercado da soja: an\u00e1lise de 23\/24 e proje\u00e7\u00f5es para a safra 24\/25\" width=\"800\" height=\"450\" src=\"https:\/\/www.youtube.com\/embed\/FEgK68nfTAo?feature=oembed\" frameborder=\"0\" allow=\"accelerometer; autoplay; clipboard-write; encrypted-media; gyroscope; picture-in-picture; web-share\" referrerpolicy=\"strict-origin-when-cross-origin\" allowfullscreen><\/iframe><\/noscript>\n<\/p>\n<\/figure>\n<\/div>\n<p><br \/>\n<br \/><a href=\"https:\/\/www.canalrural.com.br\/agricultura\/projeto-soja-brasil\/desafios-e-oportunidades-do-mercado-da-soja-analise-de-23-24-e-projecoes-para-a-safra-24-25\/\">Source link <\/a><\/p>\n","protected":false},"excerpt":{"rendered":"<p>O cen\u00e1rio da safra de soja apresenta duas realidades distintas. Segundo Luiz Fernando Gutierrez, consultor da Safras &amp; Mercado, a<\/p>\n","protected":false},"author":1,"featured_media":3902,"comment_status":"open","ping_status":"open","sticky":false,"template":"","format":"standard","meta":{"_monsterinsights_skip_tracking":false,"_monsterinsights_sitenote_active":false,"_monsterinsights_sitenote_note":"","_monsterinsights_sitenote_category":0,"_uf_show_specific_survey":0,"_uf_disable_surveys":false,"footnotes":""},"categories":[1],"tags":[],"class_list":["post-3901","post","type-post","status-publish","format-standard","has-post-thumbnail","hentry","category-news"],"_links":{"self":[{"href":"https:\/\/agromt.news\/index.php?rest_route=\/wp\/v2\/posts\/3901"}],"collection":[{"href":"https:\/\/agromt.news\/index.php?rest_route=\/wp\/v2\/posts"}],"about":[{"href":"https:\/\/agromt.news\/index.php?rest_route=\/wp\/v2\/types\/post"}],"author":[{"embeddable":true,"href":"https:\/\/agromt.news\/index.php?rest_route=\/wp\/v2\/users\/1"}],"replies":[{"embeddable":true,"href":"https:\/\/agromt.news\/index.php?rest_route=%2Fwp%2Fv2%2Fcomments&post=3901"}],"version-history":[{"count":0,"href":"https:\/\/agromt.news\/index.php?rest_route=\/wp\/v2\/posts\/3901\/revisions"}],"wp:featuredmedia":[{"embeddable":true,"href":"https:\/\/agromt.news\/index.php?rest_route=\/wp\/v2\/media\/3902"}],"wp:attachment":[{"href":"https:\/\/agromt.news\/index.php?rest_route=%2Fwp%2Fv2%2Fmedia&parent=3901"}],"wp:term":[{"taxonomy":"category","embeddable":true,"href":"https:\/\/agromt.news\/index.php?rest_route=%2Fwp%2Fv2%2Fcategories&post=3901"},{"taxonomy":"post_tag","embeddable":true,"href":"https:\/\/agromt.news\/index.php?rest_route=%2Fwp%2Fv2%2Ftags&post=3901"}],"curies":[{"name":"wp","href":"https:\/\/api.w.org\/{rel}","templated":true}]}}