{"id":3801,"date":"2024-10-23T03:18:25","date_gmt":"2024-10-23T07:18:25","guid":{"rendered":"https:\/\/agromt.news\/?p=3801"},"modified":"2024-10-23T03:18:25","modified_gmt":"2024-10-23T07:18:25","slug":"clima-umido-eleva-riscos-na-producao-de-uvas","status":"publish","type":"post","link":"https:\/\/agromt.news\/?p=3801","title":{"rendered":"Clima \u00famido eleva riscos na produ\u00e7\u00e3o de uvas"},"content":{"rendered":"<p> <br \/>\n<\/p>\n<div>\n<div class=\"row\">\n<div class=\"col-lg col-infos mt-3 mt-lg-0\">\n<div class=\"section-sub-title\">\n<p itemprop=\"description\">\nProdutores de uva intensificam controle de doen\u00e7as f\u00fangicas em meio a chuvas no RS\n<\/p>\n<\/div>\n<div class=\"container\">\n<div class=\"row\">\n<div class=\"col-lg p-0\">\n<div>\n<div class=\"block-news-main-infos mt-3 text-start\">\n<strong class=\"fn\" itemprop=\"author\" style=\"color: rgb(112, 112, 112); \"><br \/>\n<a href=\"https:\/\/www.agrolink.com.br\/noticias\/javascript:;\" class=\"text-uppercase\" target=\"_blank\" style=\"color: rgb(112, 112, 112); \" rel=\"noopener\">Agrolink<\/a><br \/>\n&#8211; Seane Lennon<br \/>\n<\/strong><br \/>\n<br \/>\n<abbr><time datetime=\"2024-10-21T17:31\" itemprop=\"datePublished dateModified\">Publicado em 21\/10\/2024 \u00e0s 17:31h.<\/time><\/abbr><br \/>\n\n<\/div>\n<\/div>\n<\/div>\n<div class=\"col-lg p-0 text-lg-end\">\n<div>\n<div id=\"mdEnviarPagina\" class=\"modal fade\" role=\"dialog\">\n<div class=\"modal-dialog\">\n<div class=\"modal-content\">\n<div class=\"modal-body\">\n<p><strong>Estimado usu\u00e1rio.<\/strong><br \/>Preencha o formul\u00e1rio abaixo para remeter a p\u00e1gina.<\/p>\n<\/div>\n<\/div>\n<\/div>\n<\/div>\n<\/div>\n<\/div>\n<\/div>\n<\/div>\n<\/div>\n<\/div>\n<div class=\"row justify-content-md-center mt-3\">\n<div class=\"col-lg-auto col-image  block-news-main-image d-none d-md-block\">\n<img decoding=\"async\" src=\"https:\/\/www.agrolink.com.br\/upload\/imagens-resizes\/366a83078abf47b29fb037176f6f2a6a_858x483.jpg\" class=\"lazyload \"\/><br \/>\n<span class=\"publicity-photo d-block mt-1\">Foto: Arquivo Agrolink<\/span>\n<\/div>\n<\/div>\n<div class=\"section-description section-description-noticias mt-3\">\n<p style=\"text-align:justify\">No Rio Grande do Sul, os produtores de <a href=\"https:\/\/www.agrolink.com.br\/culturas\/uva?utm_source=agrolink-detalhe-noticia&amp;utm_medium=detalhe-noticia&amp;utm_campaign=links-internos\" target=\"_blank\" rel=\"noopener\">uva<\/a> est\u00e3o enfrentando desafios clim\u00e1ticos que amea\u00e7am o desenvolvimento da safra. Na regi\u00e3o administrativa de Caxias do Sul, as condi\u00e7\u00f5es meteorol\u00f3gicas recentes, marcadas por dias seguidos de chuva, alta umidade e baixa insola\u00e7\u00e3o, n\u00e3o favoreceram o desenvolvimento adequado das vinhas, nem a manuten\u00e7\u00e3o da sanidade dos pomares, conforme aponta o Informativo Conjuntural divulgado na quinta-feira (17) pela Emater\/RS-Ascar.\n<\/p>\n<p style=\"text-align:justify\"><a href=\"https:\/\/www.agrolink.com.br\/agrotempo?utm_source=agrolink-detalhe-noticia&amp;utm_medium=detalhe-noticia&amp;utm_campaign=links-internos\" target=\"_blank\" rel=\"noopener\">Veja mais informa\u00e7\u00f5es sobre o clima em Agrotempo<\/a><\/p>\n<p style=\"text-align:justify\">Somente no final do per\u00edodo, houve melhora nas condi\u00e7\u00f5es para que os viticultores pudessem realizar as pr\u00e1ticas e os tratos culturais nos vinhedos. A fase atual \u00e9 considerada delicada, especialmente porque muitas variedades est\u00e3o em fase de antese, um momento extremamente sens\u00edvel a condi\u00e7\u00f5es clim\u00e1ticas adversas e crucial para o sucesso da vindima. Apesar das preocupa\u00e7\u00f5es, as vinhas t\u00eam apresentado bom vigor e sanidade, al\u00e9m de uma boa diversidade de cachos, tanto em quantidade quanto em tamanho.<\/p>\n<p><a href=\"http:\/\/www.agrolink.com.br\/agrolinkfito\/?utm_source=agrolink-detalhe-noticia&amp;utm_medium=detalhe-noticia&amp;utm_campaign=links-internos\" target=\"_blank\" rel=\"noopener\">Veja mais informa\u00e7\u00f5es sobre fitossanidade no Agrolinkfito<\/a><\/p>\n<p style=\"text-align:justify\">Na regi\u00e3o de Santa Rosa, as videiras est\u00e3o em plena brota\u00e7\u00e3o e fase reprodutiva, com as cultivares de ciclo precoce j\u00e1 em flora\u00e7\u00e3o. O desenvolvimento das videiras \u00e9 considerado adequado, por\u00e9m, o clima \u00famido e chuvoso favoreceu o surgimento de doen\u00e7as f\u00fangicas e a baixa luminosidade prejudicou o crescimento das novas brota\u00e7\u00f5es. Para combater doen\u00e7as como antracnose e escoriose, que s\u00e3o comuns neste per\u00edodo, os produtores intensificaram o manejo e o controle fitossanit\u00e1rio.\n<\/p>\n<p style=\"text-align:justify\">Na regi\u00e3o de Soledade, as condi\u00e7\u00f5es de alta umidade do ar combinadas com temperaturas elevadas aumentaram a incid\u00eancia de m\u00edldio, doen\u00e7a f\u00fangica que afeta o desenvolvimento das videiras. O vigoroso crescimento das brota\u00e7\u00f5es tamb\u00e9m exigiu que os produtores realizassem o amarrio das plantas para evitar a quebra dos ramos pelo vento.<\/p>\n<\/div>\n<\/div>\n<p><script data-cfasync=\"false\">\n    !function (f, b, e, v, n, t, s) {\n        if (f.fbq) return; n = f.fbq = function () {\n            n.callMethod ?\n                n.callMethod.apply(n, arguments) : n.queue.push(arguments)\n        };\n        if (!f._fbq) f._fbq = n; n.push = n; n.loaded = !0; n.version = '2.0';\n        n.queue = []; t = b.createElement(e); t.async = !0;\n        t.src = v; s = b.getElementsByTagName(e)[0];\n        s.parentNode.insertBefore(t, s)\n    }(window, document, 'script',\n        'https:\/\/connect.facebook.net\/en_US\/fbevents.js');\n    fbq('init', '522546078623747');\n    fbq('track', 'PageView');\n<\/script><br \/>\n<br \/><br \/>\n<br \/><a href=\"https:\/\/www.agrolink.com.br\/noticias\/clima-umido-eleva-riscos-na-producao-de-uvas_496048.html\">Source link <\/a><\/p>\n","protected":false},"excerpt":{"rendered":"<p>Produtores de uva intensificam controle de doen\u00e7as f\u00fangicas em meio a chuvas no RS Agrolink &#8211; Seane Lennon Publicado em<\/p>\n","protected":false},"author":1,"featured_media":3802,"comment_status":"open","ping_status":"open","sticky":false,"template":"","format":"standard","meta":{"_monsterinsights_skip_tracking":false,"_monsterinsights_sitenote_active":false,"_monsterinsights_sitenote_note":"","_monsterinsights_sitenote_category":0,"_uf_show_specific_survey":0,"_uf_disable_surveys":false,"footnotes":""},"categories":[8,1,14],"tags":[],"class_list":["post-3801","post","type-post","status-publish","format-standard","has-post-thumbnail","hentry","category-agro","category-news","category-politica-agro"],"_links":{"self":[{"href":"https:\/\/agromt.news\/index.php?rest_route=\/wp\/v2\/posts\/3801"}],"collection":[{"href":"https:\/\/agromt.news\/index.php?rest_route=\/wp\/v2\/posts"}],"about":[{"href":"https:\/\/agromt.news\/index.php?rest_route=\/wp\/v2\/types\/post"}],"author":[{"embeddable":true,"href":"https:\/\/agromt.news\/index.php?rest_route=\/wp\/v2\/users\/1"}],"replies":[{"embeddable":true,"href":"https:\/\/agromt.news\/index.php?rest_route=%2Fwp%2Fv2%2Fcomments&post=3801"}],"version-history":[{"count":0,"href":"https:\/\/agromt.news\/index.php?rest_route=\/wp\/v2\/posts\/3801\/revisions"}],"wp:featuredmedia":[{"embeddable":true,"href":"https:\/\/agromt.news\/index.php?rest_route=\/wp\/v2\/media\/3802"}],"wp:attachment":[{"href":"https:\/\/agromt.news\/index.php?rest_route=%2Fwp%2Fv2%2Fmedia&parent=3801"}],"wp:term":[{"taxonomy":"category","embeddable":true,"href":"https:\/\/agromt.news\/index.php?rest_route=%2Fwp%2Fv2%2Fcategories&post=3801"},{"taxonomy":"post_tag","embeddable":true,"href":"https:\/\/agromt.news\/index.php?rest_route=%2Fwp%2Fv2%2Ftags&post=3801"}],"curies":[{"name":"wp","href":"https:\/\/api.w.org\/{rel}","templated":true}]}}