{"id":3796,"date":"2024-10-22T21:57:42","date_gmt":"2024-10-23T01:57:42","guid":{"rendered":"https:\/\/agromt.news\/?p=3796"},"modified":"2024-10-22T21:57:42","modified_gmt":"2024-10-23T01:57:42","slug":"apos-recuar-nos-ultimos-pregoes-milho-abre-a-4afeira-com-altas-em-chicago","status":"publish","type":"post","link":"https:\/\/agromt.news\/?p=3796","title":{"rendered":"Ap\u00f3s recuar nos \u00faltimos preg\u00f5es, milho abre a 4\u00aafeira com altas em Chicago"},"content":{"rendered":"<p> <br \/>\n<\/p>\n<div>\n<p><img decoding=\"async\" alt=\"Logotipo Not&#xED;cias Agr&#xED;colas\" height=\"21\" src=\"https:\/\/cdn.noticiasagricolas.com.br\/dbimagens\/e12363a00741f9cc7caf23469101a4aa.png\" width=\"106\"\/><\/p>\n<p>A quarta-feira (09) come\u00e7a com os pre\u00e7os futuros do milho operando no campo positivo da Bolsa Brasileira (B3). As principais cota\u00e7\u00f5es flutuavam na faixa entre R$ 67,98 e R$ 72,66 por volta das 10h07 (hor\u00e1rio de Bras\u00edlia).\u00a0<\/p>\n<p>O vencimento novembro\/24 era cotado \u00e0 R$ 67,98 com eleva\u00e7\u00e3o de 0,32%, o janeiro\/25 valia R$ 71,45 com alta de 0,22% e o mar\u00e7o\/25 era negociado por R$ 72,66 com ganho de 0,35%.\u00a0<\/p>\n<h2>Mercado Externo\u00a0<\/h2>\n<p>A Bolsa de Chicago (CBOT) tamb\u00e9m abriu as atividades desta quarta-feira contabilizando movimenta\u00e7\u00f5es positivas para os pre\u00e7os internacionais do milho futuro, que avan\u00e7avam por volta das 09h44 (hor\u00e1rio de Bras\u00edlia).\u00a0<\/p>\n<p>O vencimento dezembro\/24 era cotado \u00e0 US$ 4,22 com valoriza\u00e7\u00e3o de 2,00 pontos, o mar\u00e7o\/25 valia US$ 4,40 com alta de 2,00 pontos, o maio\/25 era negociado por US$ 4,49 com eleva\u00e7\u00e3o de 2,00 pontos e o julho\/25 tinha valor de US$ 4,55 com ganho de 2,00 pontos.\u00a0<\/p>\n<p>Segundo informa\u00e7\u00f5es do site internacional Farm Futures, os futuros de milho conseguiram um pequeno salto durante a noite ap\u00f3s cair na ter\u00e7a-feira pela terceira vez nas \u00faltimas quatro sess\u00f5es.\u00a0 \u00a0<\/p>\n<p>\u201cEspera-se que os agricultores dos EUA colham 15,155 bilh\u00f5es de bushels de milho a uma produtividade m\u00e9dia de 183,4 bushels por acre, com base em uma pesquisa da Reuters com analistas antes do relat\u00f3rio de sexta-feira. Em setembro, o USDA previu a safra em 15,186 bilh\u00f5es de bushels e uma produtividade m\u00e9dia de 183,6 bushels por acre\u201d, aponta Bruce Blythe analista da Farm Futures.\u00a0<\/p>\n<\/div>\n<p><script async defer src=\"https:\/\/connect.facebook.net\/en_US\/sdk.js\" type=\"269aeeb818e74b5a68c13c46-text\/javascript\"><\/script><script type=\"269aeeb818e74b5a68c13c46-text\/javascript\">\n  !function(f,b,e,v,n,t,s)\n  {if(f.fbq)return;n=f.fbq=function(){n.callMethod?\n    n.callMethod.apply(n,arguments):n.queue.push(arguments)};\n    if(!f._fbq)f._fbq=n;n.push=n;n.loaded=!0;n.version='2.0';\n    n.queue=[];t=b.createElement(e);t.async=!0;\n    t.src=v;s=b.getElementsByTagName(e)[0];\n    s.parentNode.insertBefore(t,s)}(window, document,'script',\n    'https:\/\/connect.facebook.net\/en_US\/fbevents.js');\n  fbq('init', '153495679422335');\n  fbq('track', 'PageView');\n<\/script><br \/>\n<br \/><br \/>\n<br \/><a href=\"https:\/\/www.noticiasagricolas.com.br\/noticias\/milho\/386424-apos-recuar-nos-ultimos-pregoes-milho-abre-a-4-feira-com-altas-em-chicago.html\">Source link <\/a><\/p>\n","protected":false},"excerpt":{"rendered":"<p>A quarta-feira (09) come\u00e7a com os pre\u00e7os futuros do milho operando no campo positivo da Bolsa Brasileira (B3). As principais<\/p>\n","protected":false},"author":1,"featured_media":3797,"comment_status":"open","ping_status":"open","sticky":false,"template":"","format":"standard","meta":{"_monsterinsights_skip_tracking":false,"_monsterinsights_sitenote_active":false,"_monsterinsights_sitenote_note":"","_monsterinsights_sitenote_category":0,"_uf_show_specific_survey":0,"_uf_disable_surveys":false,"footnotes":""},"categories":[8,1,14,16],"tags":[],"class_list":["post-3796","post","type-post","status-publish","format-standard","has-post-thumbnail","hentry","category-agro","category-news","category-politica-agro","category-safra"],"_links":{"self":[{"href":"https:\/\/agromt.news\/index.php?rest_route=\/wp\/v2\/posts\/3796"}],"collection":[{"href":"https:\/\/agromt.news\/index.php?rest_route=\/wp\/v2\/posts"}],"about":[{"href":"https:\/\/agromt.news\/index.php?rest_route=\/wp\/v2\/types\/post"}],"author":[{"embeddable":true,"href":"https:\/\/agromt.news\/index.php?rest_route=\/wp\/v2\/users\/1"}],"replies":[{"embeddable":true,"href":"https:\/\/agromt.news\/index.php?rest_route=%2Fwp%2Fv2%2Fcomments&post=3796"}],"version-history":[{"count":0,"href":"https:\/\/agromt.news\/index.php?rest_route=\/wp\/v2\/posts\/3796\/revisions"}],"wp:featuredmedia":[{"embeddable":true,"href":"https:\/\/agromt.news\/index.php?rest_route=\/wp\/v2\/media\/3797"}],"wp:attachment":[{"href":"https:\/\/agromt.news\/index.php?rest_route=%2Fwp%2Fv2%2Fmedia&parent=3796"}],"wp:term":[{"taxonomy":"category","embeddable":true,"href":"https:\/\/agromt.news\/index.php?rest_route=%2Fwp%2Fv2%2Fcategories&post=3796"},{"taxonomy":"post_tag","embeddable":true,"href":"https:\/\/agromt.news\/index.php?rest_route=%2Fwp%2Fv2%2Ftags&post=3796"}],"curies":[{"name":"wp","href":"https:\/\/api.w.org\/{rel}","templated":true}]}}