{"id":3794,"date":"2024-10-22T21:17:38","date_gmt":"2024-10-23T01:17:38","guid":{"rendered":"https:\/\/agromt.news\/?p=3794"},"modified":"2024-10-22T21:17:38","modified_gmt":"2024-10-23T01:17:38","slug":"trabalhadores-portuarios-de-todo-o-pais-fazem-greve-contra-mudancas-em-lei-do-setor","status":"publish","type":"post","link":"https:\/\/agromt.news\/?p=3794","title":{"rendered":"Trabalhadores portu\u00e1rios de todo o pa\u00eds fazem greve contra mudan\u00e7as em lei do setor"},"content":{"rendered":"<p> <br \/>\n<br \/><img decoding=\"async\" src=\"https:\/\/agromt.news\/wp-content\/uploads\/2024\/10\/Trabalhadores-portuarios-de-todo-o-pais-fazem-greve-contra-mudancas.jpg\" \/><\/p>\n<div>\n<p>Trabalhadores portu\u00e1rios de todo o Brasil entraram em greve por 12 horas nesta ter\u00e7a-feira (22). O objetivo da paralisa\u00e7\u00e3o \u00e9 apontar os problemas que poder\u00e3o resultar das altera\u00e7\u00f5es na Lei dos Portos (Lei 12.815\/2013).<\/p>\n<p>Entre as principais queixas, est\u00e3o a extin\u00e7\u00e3o do adicional noturno e o pagamento por adicional de risco, al\u00e9m de permitir a terceiriza\u00e7\u00e3o de atividades como o servi\u00e7o de guarda portu\u00e1ria.<\/p>\n<p>\u201cA greve est\u00e1 sendo feita contra um relat\u00f3rio e um anteprojeto de lei que retira direitos de todos os trabalhadores portu\u00e1rios do Brasil, reduz o mercado de trabalho, extingue categorias de trabalhadores portu\u00e1rios reconhecidos por lei, restringe a participa\u00e7\u00e3o dos nossos sindicatos nas negocia\u00e7\u00f5es coletivas de trabalho, e acaba com o direito \u00e0 exclusividade dos trabalhadores reconhecidos por lei para contrata\u00e7\u00e3o com v\u00ednculo empregat\u00edcio, entre outros\u201d, disse o presidente do Fenccovib, M\u00e1rio Teixeira.<\/p>\n<\/div>\n<div>\n<p>Segundo ele, uma comiss\u00e3o de juristas est\u00e1 elaborando, na <strong><a href=\"https:\/\/www.canalrural.com.br\/tag\/camara\/\">C\u00e2mara dos Deputados<\/a><\/strong>, um relat\u00f3rio com uma proposta de projeto de lei para o setor. Teixeira critica a composi\u00e7\u00e3o da comiss\u00e3o.<\/p>\n<p>O presidente do Fenccovib disse que a categoria n\u00e3o concorda com a revoga\u00e7\u00e3o da lei portu\u00e1ria atual, que envolveu todos os 151 sindicatos portu\u00e1rios brasileiros na mobiliza\u00e7\u00e3o, contando, ainda, com o apoio de entidades internacionais de trabalhadores.<\/p>\n<p>A a\u00e7\u00e3o \u00e9 coordenada pela Federa\u00e7\u00e3o Nacional dos Portu\u00e1rios (FNP), Federa\u00e7\u00e3o Nacional dos Estivadores (FNE) e Federa\u00e7\u00e3o Nacional dos Conferentes e Consertadores de Carga e Descarga, Vigias Portu\u00e1rios Trabalhadores de Bloco, Arrumadores e Amarradores de Navios, nas Atividades Portu\u00e1rias (Fenccovib), que juntas representam mais de 50 mil funcion\u00e1rios que atuam nos principais portos do pa\u00eds.<\/p>\n<\/div>\n<p><br \/>\n<br \/><a href=\"https:\/\/www.canalrural.com.br\/nacional\/trabalhadores-portuarios-de-todo-o-pais-fazem-greve-contra-mudancas-em-lei-do-setor\/\">Source link <\/a><\/p>\n","protected":false},"excerpt":{"rendered":"<p>Trabalhadores portu\u00e1rios de todo o Brasil entraram em greve por 12 horas nesta ter\u00e7a-feira (22). O objetivo da paralisa\u00e7\u00e3o \u00e9<\/p>\n","protected":false},"author":1,"featured_media":3795,"comment_status":"open","ping_status":"open","sticky":false,"template":"","format":"standard","meta":{"_monsterinsights_skip_tracking":false,"_monsterinsights_sitenote_active":false,"_monsterinsights_sitenote_note":"","_monsterinsights_sitenote_category":0,"_uf_show_specific_survey":0,"_uf_disable_surveys":false,"footnotes":""},"categories":[1],"tags":[],"class_list":["post-3794","post","type-post","status-publish","format-standard","has-post-thumbnail","hentry","category-news"],"_links":{"self":[{"href":"https:\/\/agromt.news\/index.php?rest_route=\/wp\/v2\/posts\/3794"}],"collection":[{"href":"https:\/\/agromt.news\/index.php?rest_route=\/wp\/v2\/posts"}],"about":[{"href":"https:\/\/agromt.news\/index.php?rest_route=\/wp\/v2\/types\/post"}],"author":[{"embeddable":true,"href":"https:\/\/agromt.news\/index.php?rest_route=\/wp\/v2\/users\/1"}],"replies":[{"embeddable":true,"href":"https:\/\/agromt.news\/index.php?rest_route=%2Fwp%2Fv2%2Fcomments&post=3794"}],"version-history":[{"count":0,"href":"https:\/\/agromt.news\/index.php?rest_route=\/wp\/v2\/posts\/3794\/revisions"}],"wp:featuredmedia":[{"embeddable":true,"href":"https:\/\/agromt.news\/index.php?rest_route=\/wp\/v2\/media\/3795"}],"wp:attachment":[{"href":"https:\/\/agromt.news\/index.php?rest_route=%2Fwp%2Fv2%2Fmedia&parent=3794"}],"wp:term":[{"taxonomy":"category","embeddable":true,"href":"https:\/\/agromt.news\/index.php?rest_route=%2Fwp%2Fv2%2Fcategories&post=3794"},{"taxonomy":"post_tag","embeddable":true,"href":"https:\/\/agromt.news\/index.php?rest_route=%2Fwp%2Fv2%2Ftags&post=3794"}],"curies":[{"name":"wp","href":"https:\/\/api.w.org\/{rel}","templated":true}]}}