{"id":3683,"date":"2024-10-21T09:44:07","date_gmt":"2024-10-21T13:44:07","guid":{"rendered":"https:\/\/agromt.news\/?p=3683"},"modified":"2024-10-21T09:44:07","modified_gmt":"2024-10-21T13:44:07","slug":"mudancas-climaticas-intensificam-presenca-de-pragas","status":"publish","type":"post","link":"https:\/\/agromt.news\/?p=3683","title":{"rendered":"Mudan\u00e7as clim\u00e1ticas intensificam presen\u00e7a de pragas"},"content":{"rendered":"<p> <br \/>\n<\/p>\n<div>\n<p style=\"text-align:justify\">O aumento das temperaturas e a irregularidade das chuvas t\u00eam intensificado a presen\u00e7a de pragas nas lavouras brasileiras, exigindo dos agricultores novas estrat\u00e9gias de manejo. Segundo Felipe Biazola, gerente de produtos biol\u00f3gicos, esses fen\u00f4menos encurtam o ciclo de vida das pragas, aumentando o n\u00famero de gera\u00e7\u00f5es dentro de uma mesma safra e provocando uma expans\u00e3o geogr\u00e1fica significativa. \u201cRegi\u00f5es que antes n\u00e3o enfrentavam certos problemas, como a <a href=\"https:\/\/www.agrolink.com.br\/agrolinkfito\/manejo-integrado\/manejo-integrado-de-pragas\/controle--manejo-integrado--da-cigarrinha-do-milho--dalbulus-maidis-_485243.html\" target=\"_blank\" rel=\"noopener\">cigarrinha-do-milho<\/a>, agora precisam lidar com essas amea\u00e7as, mesmo em climas mais frios\u201d, alerta Biazola.<\/p>\n<p style=\"text-align:justify\"><strong>Clima e a acelera\u00e7\u00e3o dos ciclos de pragas<\/strong><\/p>\n<p style=\"text-align:justify\">Segundo Biazola, o aumento das temperaturas e a irregularidade das chuvas s\u00e3o os principais respons\u00e1veis pela intensifica\u00e7\u00e3o do problema. \u201cAs temperaturas elevadas encurtam o ciclo de vida das pragas, gerando mais gera\u00e7\u00f5es por safra e aumentando a popula\u00e7\u00e3o ao longo do ano\u201d, explica. Em condi\u00e7\u00f5es normais, o frio funciona como uma barreira natural, limitando a prolifera\u00e7\u00e3o de muitas pragas.<\/p>\n<p style=\"text-align:justify\">Al\u00e9m disso, a expans\u00e3o geogr\u00e1fica das pragas \u00e9 outro fen\u00f4meno preocupante: \u201cRegi\u00f5es que antes n\u00e3o enfrentavam certas pragas agora est\u00e3o suscet\u00edveis devido ao aumento das m\u00e9dias t\u00e9rmicas\u201d, comenta. Um exemplo citado foi a cigarrinha-do-milho, que, antes restrita a algumas \u00e1reas do Brasil, agora se espalha por todo o territ\u00f3rio, inclusive em regi\u00f5es mais frias.<\/p>\n<p style=\"text-align:justify\"><strong>Chuvas irregulares e estresse das plantas<\/strong><\/p>\n<p style=\"text-align:justify\">A escassez ou excesso de chuvas tamb\u00e9m interfere na resist\u00eancia das culturas. \u201cCom o estresse h\u00eddrico, as plantas se tornam mais vulner\u00e1veis a ataques de pragas, j\u00e1 que precisam dividir seus recursos entre o crescimento e a defesa\u201d, destaca Biazola. Por outro lado, per\u00edodos de chuvas excessivas seguidos por estiagens afetam os predadores naturais das pragas, comprometendo o equil\u00edbrio ecol\u00f3gico. \u201cEsse desequil\u00edbrio pode transformar pragas secund\u00e1rias em problemas prim\u00e1rios\u201d, acrescenta.<\/p>\n<p style=\"text-align:justify\"><strong>Cigarrinha-do-Milho e Mosca-Branca: vetores de doen\u00e7as<\/strong><\/p>\n<p style=\"text-align:justify\">Entre as pragas emergentes, Felipe Biazola ressalta a import\u00e2ncia de controlar a cigarrinha-do-milho e a mosca-branca. Ambas, al\u00e9m de causarem danos diretos, s\u00e3o vetores de doen\u00e7as que impactam significativamente a produtividade. No caso da mosca-branca, a situa\u00e7\u00e3o \u00e9 mais complexa devido \u00e0 sua capacidade de se hospedar em diversas culturas e plantas daninhas, o que facilita sua persist\u00eancia entre safras.<\/p>\n<p style=\"text-align:justify\"><strong>Controle biol\u00f3gico como ferramenta fundamental<\/strong><\/p>\n<p style=\"text-align:justify\">Questionado sobre as medidas preventivas, Biazola enfatiza a import\u00e2ncia do manejo integrado e destaca o papel do controle biol\u00f3gico. \u201cO controle biol\u00f3gico ajuda a manter as popula\u00e7\u00f5es de pragas em n\u00edveis baixos, permitindo que o controle qu\u00edmico seja mais eficiente quando necess\u00e1rio\u201d, esclarece. Ele tamb\u00e9m menciona a relev\u00e2ncia do planejamento fitossanit\u00e1rio, desde a escolha de sementes at\u00e9 o escalonamento das janelas de plantio, para reduzir o impacto das condi\u00e7\u00f5es adversas.<\/p>\n<p style=\"text-align:justify\">Felipe explica que a introdu\u00e7\u00e3o de agentes biol\u00f3gicos no in\u00edcio do ciclo das pragas \u00e9 uma estrat\u00e9gia eficaz. \u201cProdutos biol\u00f3gicos \u00e0 base de fungos, por exemplo, t\u00eam alta persist\u00eancia no ambiente, agindo sobre as pragas adultas e inibindo a eclos\u00e3o de novas gera\u00e7\u00f5es\u201d, observa. Essa abordagem n\u00e3o apenas reduz a press\u00e3o inicial das pragas, mas tamb\u00e9m cria um ambiente favor\u00e1vel para o controle qu\u00edmico nos momentos cr\u00edticos.<\/p>\n<p style=\"text-align:justify\"><strong>Pesquisa e inova\u00e7\u00e3o: o futuro do manejo agr\u00edcola<\/strong><\/p>\n<p style=\"text-align:justify\">Para Felipe Biazola, a pesquisa \u00e9 essencial para desenvolver solu\u00e7\u00f5es inovadoras diante das mudan\u00e7as clim\u00e1ticas. \u201cEstamos trabalhando na sele\u00e7\u00e3o de cepas de microrganismos mais resistentes a estresses t\u00e9rmicos e h\u00eddricos, al\u00e9m de aprimorar as formula\u00e7\u00f5es dos produtos para aumentar sua efic\u00e1cia\u201d, explica. A inova\u00e7\u00e3o tamb\u00e9m se estende \u00e0 tecnologia de aplica\u00e7\u00e3o, com o objetivo de maximizar a exposi\u00e7\u00e3o das pragas aos produtos biol\u00f3gicos e qu\u00edmicos.<\/p>\n<p style=\"text-align:justify\">\u201c\u00c9 fundamental integrar diferentes ferramentas e disciplinas, desde a biotecnologia das culturas at\u00e9 a tecnologia de aplica\u00e7\u00e3o, para alcan\u00e7ar um controle eficaz\u201d, ressalta Biazola. A pesquisa, portanto, busca alinhar essas inova\u00e7\u00f5es para oferecer solu\u00e7\u00f5es mais resilientes e sustent\u00e1veis ao setor agropecu\u00e1rio.<\/p>\n<p style=\"text-align:justify\"><strong>Assista a entrevista na \u00edntegra<\/strong><\/p>\n<p class=\"container mt-4 my-5 ratio ratio-16x9 text-center\"><iframe title=\"Mudan\u00e7as clim\u00e1ticas intensificam presen\u00e7a de pragas\" width=\"800\" height=\"450\" src=\"https:\/\/www.youtube.com\/embed\/CHpurvETCfc?feature=oembed\" frameborder=\"0\" allow=\"accelerometer; autoplay; clipboard-write; encrypted-media; gyroscope; picture-in-picture; web-share\" referrerpolicy=\"strict-origin-when-cross-origin\" allowfullscreen><\/iframe><\/p>\n<\/div>\n<p><script data-cfasync=\"false\">\n    !function (f, b, e, v, n, t, s) {\n        if (f.fbq) return; n = f.fbq = function () {\n            n.callMethod ?\n                n.callMethod.apply(n, arguments) : n.queue.push(arguments)\n        };\n        if (!f._fbq) f._fbq = n; n.push = n; n.loaded = !0; n.version = '2.0';\n        n.queue = []; t = b.createElement(e); t.async = !0;\n        t.src = v; s = b.getElementsByTagName(e)[0];\n        s.parentNode.insertBefore(t, s)\n    }(window, document, 'script',\n        'https:\/\/connect.facebook.net\/en_US\/fbevents.js');\n    fbq('init', '522546078623747');\n    fbq('track', 'PageView');\n<\/script><br \/>\n<br \/><br \/>\n<br \/><a href=\"https:\/\/www.agrolink.com.br\/noticias\/mudancas-climaticas-intensificam-presenca-de-pragas_496014.html\">Source link <\/a><\/p>\n","protected":false},"excerpt":{"rendered":"<p>O aumento das temperaturas e a irregularidade das chuvas t\u00eam intensificado a presen\u00e7a de pragas nas lavouras brasileiras, exigindo dos<\/p>\n","protected":false},"author":1,"featured_media":3684,"comment_status":"open","ping_status":"open","sticky":false,"template":"","format":"standard","meta":{"_monsterinsights_skip_tracking":false,"_monsterinsights_sitenote_active":false,"_monsterinsights_sitenote_note":"","_monsterinsights_sitenote_category":0,"_uf_show_specific_survey":0,"_uf_disable_surveys":false,"footnotes":""},"categories":[8,1,14],"tags":[],"class_list":["post-3683","post","type-post","status-publish","format-standard","has-post-thumbnail","hentry","category-agro","category-news","category-politica-agro"],"_links":{"self":[{"href":"https:\/\/agromt.news\/index.php?rest_route=\/wp\/v2\/posts\/3683"}],"collection":[{"href":"https:\/\/agromt.news\/index.php?rest_route=\/wp\/v2\/posts"}],"about":[{"href":"https:\/\/agromt.news\/index.php?rest_route=\/wp\/v2\/types\/post"}],"author":[{"embeddable":true,"href":"https:\/\/agromt.news\/index.php?rest_route=\/wp\/v2\/users\/1"}],"replies":[{"embeddable":true,"href":"https:\/\/agromt.news\/index.php?rest_route=%2Fwp%2Fv2%2Fcomments&post=3683"}],"version-history":[{"count":0,"href":"https:\/\/agromt.news\/index.php?rest_route=\/wp\/v2\/posts\/3683\/revisions"}],"wp:featuredmedia":[{"embeddable":true,"href":"https:\/\/agromt.news\/index.php?rest_route=\/wp\/v2\/media\/3684"}],"wp:attachment":[{"href":"https:\/\/agromt.news\/index.php?rest_route=%2Fwp%2Fv2%2Fmedia&parent=3683"}],"wp:term":[{"taxonomy":"category","embeddable":true,"href":"https:\/\/agromt.news\/index.php?rest_route=%2Fwp%2Fv2%2Fcategories&post=3683"},{"taxonomy":"post_tag","embeddable":true,"href":"https:\/\/agromt.news\/index.php?rest_route=%2Fwp%2Fv2%2Ftags&post=3683"}],"curies":[{"name":"wp","href":"https:\/\/api.w.org\/{rel}","templated":true}]}}