{"id":3680,"date":"2024-10-21T09:25:02","date_gmt":"2024-10-21T13:25:02","guid":{"rendered":"https:\/\/agromt.news\/?p=3680"},"modified":"2024-10-21T09:25:02","modified_gmt":"2024-10-21T13:25:02","slug":"produtores-paulistas-superam-expectativas-na-feira-do-empreendedor-sebrae-2024","status":"publish","type":"post","link":"https:\/\/agromt.news\/?p=3680","title":{"rendered":"Produtores paulistas superam expectativas na Feira do Empreendedor Sebrae 2024"},"content":{"rendered":"<p> <br \/>\n<br \/><img decoding=\"async\" src=\"https:\/\/agromt.news\/wp-content\/uploads\/2024\/10\/Produtores-paulistas-superam-expectativas-na-Feira-do-Empreendedor-Sebrae-2024.jpg\" \/><\/p>\n<div>\n<p>Produtores rurais e artes\u00e3os de diversas regi\u00f5es do estado de S\u00e3o Paulo comemoram o sucesso de suas participa\u00e7\u00f5es na <strong>Feira do Empreendedor Sebrae 2024<\/strong>. Durante os quatro dias de evento, realizado entre 15 e 18 de outubro, os expositores que estiveram no estande do <strong>Sistema Faesp\/Senar-SP<\/strong> e sindicato rural de S\u00e3o Paulo alcan\u00e7aram um faturamento total de quase R$ 50 mil, superando as expectativas.<\/p>\n<p><em>Confira na palma da m\u00e3o informa\u00e7\u00f5es quentes sobre agricultura, pecu\u00e1ria, economia e previs\u00e3o do tempo:<\/em><a href=\"https:\/\/www.whatsapp.com\/channel\/0029Va9VnZxGk1FplZjiW43k\"><em> <\/em><strong>siga o Canal Rural no WhatsApp<\/strong><\/a>!<\/p>\n<h2 class=\"wp-block-heading\" id=\"h-participacao-que-fez-a-diferenca\"><strong>Participa\u00e7\u00e3o que fez a diferen\u00e7a<\/strong><\/h2>\n<p>Bruna Machado, da Brumel, comentou que as vendas na feira foram equivalentes a um m\u00eas inteiro de trabalho em feiras regionais. \u201cFoi uma experi\u00eancia rica, tanto pela troca com outros apicultores quanto pelas vendas\u201d, afirmou. A Feira do Empreendedor atraiu mais de 102 mil visitantes, e apenas o estande da Faesp\/Senar-SP recebeu mais de 7 mil pessoas.<\/p>\n<p>O presidente da Faesp, <a href=\"https:\/\/www.canalrural.com.br\/tag\/tirso-meirelles\/\">Tirso Meirelles<\/a>, destacou a import\u00e2ncia do evento para fomentar o empreendedorismo no campo e fortalecer as cadeias produtivas. \u201cA feira \u00e9 uma oportunidade \u00fanica de integra\u00e7\u00e3o e de gerar emprego e renda para os produtores\u201d, disse Tirso.<\/p>\n<\/div>\n<div>\n<h2 class=\"wp-block-heading\" id=\"h-saude-e-empreendedorismo-feminino-em-destaque\"><strong>Sa\u00fade e empreendedorismo feminino em destaque<\/strong><\/h2>\n<p>A Comiss\u00e3o Semeadoras do Agro, que tamb\u00e9m marcou presen\u00e7a no estande, recebeu cerca de 1.300 visitantes, oferecendo servi\u00e7os de aferi\u00e7\u00e3o de press\u00e3o, exames de glicemia e sess\u00f5es de massagem. Juliana Farah, vice-presidente da Comiss\u00e3o, destacou o foco na sa\u00fade da mulher e na cria\u00e7\u00e3o de uma rede de apoio \u00e0s produtoras rurais.<\/p>\n<h2 class=\"wp-block-heading\" id=\"h-depoimentos-de-sucesso\"><strong>Depoimentos de sucesso<\/strong><\/h2>\n<p>Diversos expositores relataram experi\u00eancias positivas com o p\u00fablico da feira. Marina Santos, da Cabanha Campestre 53, celebrou as conex\u00f5es feitas: \u201cFoi incr\u00edvel participar e conhecer tantas pessoas, trocamos ideias e fizemos boas conex\u00f5es.\u201d J\u00e1 Suzana Ara\u00fajo, da Suzana Shitake, comemorou n\u00e3o apenas o sucesso financeiro, mas tamb\u00e9m a oportunidade de espalhar o conhecimento sobre fungicultura: \u201cFoi super rent\u00e1vel e gratificante.\u201d<\/p>\n<h2 class=\"wp-block-heading\" id=\"h-oportunidade-de-crescimento\"><strong>Oportunidade de crescimento<\/strong><\/h2>\n<p>O evento tamb\u00e9m surpreendeu pela estrutura e pela recep\u00e7\u00e3o calorosa do p\u00fablico. Tania Nagase, do Orquid\u00e1rio Nagase, elogiou a organiza\u00e7\u00e3o e a decora\u00e7\u00e3o do estande: \u201cA feira foi muito boa, superou nossas expectativas.\u201d Para muitos, a Feira do Empreendedor representou um marco no desenvolvimento de suas atividades e na expans\u00e3o de seus neg\u00f3cios.<\/p>\n<p>Com essas iniciativas, o Sistema Faesp\/Senar-SP segue cumprindo seu papel de apoiar o crescimento e a inova\u00e7\u00e3o no setor agropecu\u00e1rio paulista, promovendo oportunidades para produtores de diferentes segmentos.<\/p>\n<\/div>\n<p><br \/>\n<br \/><a href=\"https:\/\/www.canalrural.com.br\/agricultura\/produtores-paulistas-superam-expectativas-na-feira-do-empreendedor-sebrae-2024\/\">Source link <\/a><\/p>\n","protected":false},"excerpt":{"rendered":"<p>Produtores rurais e artes\u00e3os de diversas regi\u00f5es do estado de S\u00e3o Paulo comemoram o sucesso de suas participa\u00e7\u00f5es na Feira<\/p>\n","protected":false},"author":1,"featured_media":3681,"comment_status":"open","ping_status":"open","sticky":false,"template":"","format":"standard","meta":{"_monsterinsights_skip_tracking":false,"_monsterinsights_sitenote_active":false,"_monsterinsights_sitenote_note":"","_monsterinsights_sitenote_category":0,"_uf_show_specific_survey":0,"_uf_disable_surveys":false,"footnotes":""},"categories":[1],"tags":[],"class_list":["post-3680","post","type-post","status-publish","format-standard","has-post-thumbnail","hentry","category-news"],"_links":{"self":[{"href":"https:\/\/agromt.news\/index.php?rest_route=\/wp\/v2\/posts\/3680"}],"collection":[{"href":"https:\/\/agromt.news\/index.php?rest_route=\/wp\/v2\/posts"}],"about":[{"href":"https:\/\/agromt.news\/index.php?rest_route=\/wp\/v2\/types\/post"}],"author":[{"embeddable":true,"href":"https:\/\/agromt.news\/index.php?rest_route=\/wp\/v2\/users\/1"}],"replies":[{"embeddable":true,"href":"https:\/\/agromt.news\/index.php?rest_route=%2Fwp%2Fv2%2Fcomments&post=3680"}],"version-history":[{"count":0,"href":"https:\/\/agromt.news\/index.php?rest_route=\/wp\/v2\/posts\/3680\/revisions"}],"wp:featuredmedia":[{"embeddable":true,"href":"https:\/\/agromt.news\/index.php?rest_route=\/wp\/v2\/media\/3681"}],"wp:attachment":[{"href":"https:\/\/agromt.news\/index.php?rest_route=%2Fwp%2Fv2%2Fmedia&parent=3680"}],"wp:term":[{"taxonomy":"category","embeddable":true,"href":"https:\/\/agromt.news\/index.php?rest_route=%2Fwp%2Fv2%2Fcategories&post=3680"},{"taxonomy":"post_tag","embeddable":true,"href":"https:\/\/agromt.news\/index.php?rest_route=%2Fwp%2Fv2%2Ftags&post=3680"}],"curies":[{"name":"wp","href":"https:\/\/api.w.org\/{rel}","templated":true}]}}