{"id":3678,"date":"2024-10-21T09:08:40","date_gmt":"2024-10-21T13:08:40","guid":{"rendered":"https:\/\/agromt.news\/?p=3678"},"modified":"2024-10-21T09:08:40","modified_gmt":"2024-10-21T13:08:40","slug":"sao-paulo-se-prepara-para-escolha-de-prefeito-relembre-as-polemica-destas-eleicoes","status":"publish","type":"post","link":"https:\/\/agromt.news\/?p=3678","title":{"rendered":"S\u00e3o Paulo se prepara para escolha de prefeito; relembre as pol\u00eamica destas elei\u00e7\u00f5es"},"content":{"rendered":"<p> <br \/>\n<\/p>\n<div>\n<p>A corrida eleitoral para a prefeitura de S\u00e3o Paulo em 2024 tem sido marcada por epis\u00f3dios pol\u00eamicos que envolvem os principais candidatos. Incidentes como a agress\u00e3o f\u00edsica durante um debate, a divulga\u00e7\u00e3o de um laudo m\u00e9dico falso e investiga\u00e7\u00f5es em curso contra o atual prefeito agitaram o cen\u00e1rio pol\u00edtico da capital.<\/p>\n<p><em>Confira na palma da m\u00e3o informa\u00e7\u00f5es quentes sobre agricultura, pecu\u00e1ria, economia e previs\u00e3o do tempo:<\/em><a href=\"https:\/\/www.whatsapp.com\/channel\/0029Va9VnZxGk1FplZjiW43k\"><em> <\/em><strong>siga o Canal Rural no WhatsApp<\/strong><\/a>!<\/p>\n<h2 class=\"wp-block-heading\" id=\"h-cadeirada-em-pablo-marcal-durante-debate\"><strong>Cadeirada em Pablo Mar\u00e7al durante debate<\/strong><\/h2>\n<p>Um dos momentos mais tensos da campanha aconteceu durante um debate televisivo no dia 15 de setembro, quando o candidato Jos\u00e9 Luiz Datena (PSDB) agrediu fisicamente <a href=\"https:\/\/www.canalrural.com.br\/tag\/pablo-marcal\/\">Pablo Mar\u00e7al (PRTB)<\/a>. <\/p>\n<p>A confus\u00e3o come\u00e7ou ap\u00f3s Mar\u00e7al fazer cr\u00edticas contundentes \u00e0 candidatura de Datena, o que levou o apresentador a reagir com uma cadeirada.<\/p>\n<figure class=\"wp-block-image size-large\"><img fetchpriority=\"high\" decoding=\"async\" width=\"1024\" height=\"576\" alt=\"\" class=\"wp-image-4072641\"  data-lazy- src=\"https:\/\/agromt.news\/wp-content\/uploads\/2024\/10\/Sao-Paulo-se-prepara-para-escolha-de-prefeito-relembre-as.jpeg\"\/><img decoding=\"async\" width=\"1024\" height=\"576\" src=\"https:\/\/agromt.news\/wp-content\/uploads\/2024\/10\/Sao-Paulo-se-prepara-para-escolha-de-prefeito-relembre-as.jpeg\" alt=\"\" class=\"wp-image-4072641\"  \/><\/figure>\n<p>O ataque resultou em les\u00f5es leves em Mar\u00e7al, que registrou um boletim de ocorr\u00eancia por les\u00e3o corporal e inj\u00faria. O epis\u00f3dio gerou ampla repercuss\u00e3o nas redes sociais e foi amplamente criticado por outros candidatos e eleitores.<\/p>\n<\/div>\n<div>\n<h2 class=\"wp-block-heading\" id=\"h-laudo-falso-contra-guilherme-boulos\"><strong>Laudo falso contra Guilherme Boulos<\/strong><\/h2>\n<p>Outra pol\u00eamica envolveu Pablo Mar\u00e7al, que divulgou um laudo m\u00e9dico falso nas suas redes sociais, alegando que Guilherme Boulos (PSOL) fazia uso de drogas il\u00edcitas. O documento, posteriormente desmentido por especialistas, continha erros de ortografia e a assinatura de um m\u00e9dico falecido, levantando suspeitas sobre sua veracidade. A Justi\u00e7a Eleitoral determinou a remo\u00e7\u00e3o do conte\u00fado, e Mar\u00e7al afirmou que recebeu o documento e apenas o divulgou, sem arrependimentos. A atitude gerou cr\u00edticas e a\u00e7\u00f5es judiciais para evitar a dissemina\u00e7\u00e3o de informa\u00e7\u00f5es falsas.<\/p>\n<h2 class=\"wp-block-heading\" id=\"h-investigacao-sobre-ricardo-nunes\"><strong>Investiga\u00e7\u00e3o sobre Ricardo Nunes<\/strong><\/h2>\n<p>Al\u00e9m das pol\u00eamicas envolvendo os advers\u00e1rios, o prefeito Ricardo Nunes (MDB), que busca a reelei\u00e7\u00e3o, tamb\u00e9m enfrenta uma investiga\u00e7\u00e3o. Nunes est\u00e1 sendo investigado pela Pol\u00edcia Federal no \u00e2mbito da opera\u00e7\u00e3o \u201cM\u00e1fia das Creches\u201d, que apura desvios de recursos p\u00fablicos em creches conveniadas \u00e0 Prefeitura de S\u00e3o Paulo. <\/p>\n<p>Em depoimento recente, Nunes admitiu ser o administrador de uma empresa envolvida no esquema, embora ela estivesse registrada em nome de familiares. A investiga\u00e7\u00e3o continua, e o prefeito tem negado envolvimento direto em qualquer irregularidade.<\/p>\n<p>Esses epis\u00f3dios intensificam o clima das elei\u00e7\u00f5es paulistanas, que t\u00eam sido marcadas por acusa\u00e7\u00f5es, investiga\u00e7\u00f5es e incidentes que desviam o foco dos debates sobre pol\u00edticas p\u00fablicas e gest\u00e3o da cidade. \u00c0 medida que a campanha avan\u00e7a, os eleitores se veem diante de um cen\u00e1rio complexo, onde a aten\u00e7\u00e3o \u00e0s propostas pode estar sendo ofuscada pelos esc\u00e2ndalos.<\/p>\n<\/div>\n<p><br \/>\n<br \/><a href=\"https:\/\/www.canalrural.com.br\/politica\/sao-paulo-se-prepara-para-escolha-de-prefeito-relembre-as-polemica-destas-eleicoes\/\">Source link <\/a><\/p>\n","protected":false},"excerpt":{"rendered":"<p>A corrida eleitoral para a prefeitura de S\u00e3o Paulo em 2024 tem sido marcada por epis\u00f3dios pol\u00eamicos que envolvem os<\/p>\n","protected":false},"author":1,"featured_media":3679,"comment_status":"open","ping_status":"open","sticky":false,"template":"","format":"standard","meta":{"_monsterinsights_skip_tracking":false,"_monsterinsights_sitenote_active":false,"_monsterinsights_sitenote_note":"","_monsterinsights_sitenote_category":0,"_uf_show_specific_survey":0,"_uf_disable_surveys":false,"footnotes":""},"categories":[1],"tags":[],"class_list":["post-3678","post","type-post","status-publish","format-standard","has-post-thumbnail","hentry","category-news"],"_links":{"self":[{"href":"https:\/\/agromt.news\/index.php?rest_route=\/wp\/v2\/posts\/3678"}],"collection":[{"href":"https:\/\/agromt.news\/index.php?rest_route=\/wp\/v2\/posts"}],"about":[{"href":"https:\/\/agromt.news\/index.php?rest_route=\/wp\/v2\/types\/post"}],"author":[{"embeddable":true,"href":"https:\/\/agromt.news\/index.php?rest_route=\/wp\/v2\/users\/1"}],"replies":[{"embeddable":true,"href":"https:\/\/agromt.news\/index.php?rest_route=%2Fwp%2Fv2%2Fcomments&post=3678"}],"version-history":[{"count":0,"href":"https:\/\/agromt.news\/index.php?rest_route=\/wp\/v2\/posts\/3678\/revisions"}],"wp:featuredmedia":[{"embeddable":true,"href":"https:\/\/agromt.news\/index.php?rest_route=\/wp\/v2\/media\/3679"}],"wp:attachment":[{"href":"https:\/\/agromt.news\/index.php?rest_route=%2Fwp%2Fv2%2Fmedia&parent=3678"}],"wp:term":[{"taxonomy":"category","embeddable":true,"href":"https:\/\/agromt.news\/index.php?rest_route=%2Fwp%2Fv2%2Fcategories&post=3678"},{"taxonomy":"post_tag","embeddable":true,"href":"https:\/\/agromt.news\/index.php?rest_route=%2Fwp%2Fv2%2Ftags&post=3678"}],"curies":[{"name":"wp","href":"https:\/\/api.w.org\/{rel}","templated":true}]}}