{"id":3672,"date":"2024-10-21T04:14:40","date_gmt":"2024-10-21T08:14:40","guid":{"rendered":"https:\/\/agromt.news\/?p=3672"},"modified":"2024-10-21T04:14:40","modified_gmt":"2024-10-21T08:14:40","slug":"temporais-atingem-varias-areas-do-pais-veja-previsao-para-hoje","status":"publish","type":"post","link":"https:\/\/agromt.news\/?p=3672","title":{"rendered":"Temporais atingem v\u00e1rias \u00e1reas do pa\u00eds; veja previs\u00e3o para hoje"},"content":{"rendered":"<p> <br \/>\n<br \/><img decoding=\"async\" src=\"https:\/\/agromt.news\/wp-content\/uploads\/2024\/10\/semana-deve-terminar-com-transtornos-veja-onde.jpg\" \/><\/p>\n<div>\n<h3 class=\"wp-block-heading\" id=\"h-sugestoes-de-titulo\">Sugest\u00f5es de t\u00edtulo<\/h3>\n<ol class=\"wp-block-list\">\n<li><strong>Previs\u00e3o do tempo: in\u00edcio da semana com temporais e sol em diferentes regi\u00f5es do Brasil<\/strong><\/li>\n<li>\n<\/li>\n<\/ol>\n<h3 class=\"wp-block-heading\" id=\"h-sugestoes-de-linha-fina\">Sugest\u00f5es de linha fina<\/h3>\n<ol class=\"wp-block-list\">\n<li><strong>Sul e Centro-Oeste t\u00eam chance de chuva, enquanto temporais atingem o Norte e Nordeste do pa\u00eds.<\/strong><\/li>\n<li><strong>Segunda-feira come\u00e7a com sol em algumas regi\u00f5es e pancadas de chuva em outras, com destaque para temporais no Norte e Centro-Oeste.<\/strong><\/li>\n<\/ol>\n<hr class=\"wp-block-separator has-alpha-channel-opacity\"\/>\n<h3 class=\"wp-block-heading\" id=\"h-previsao-do-tempo-para-esta-segunda-feira-temporais-no-norte-e-sol-no-sul\">Previs\u00e3o do tempo para esta segunda-feira: temporais no Norte e sol no Sul<\/h3>\n<p>Nesta segunda-feira (21), o Brasil ter\u00e1 uma combina\u00e7\u00e3o de chuva e sol em diferentes regi\u00f5es. O tempo ficar\u00e1 inst\u00e1vel em grande parte do pa\u00eds, com possibilidade de pancadas fortes de chuva ou mesmo temporais em algumas \u00e1reas. <\/p>\n<p>Confira a previs\u00e3o detalhada para cada regi\u00e3o.<\/p>\n<h4 class=\"wp-block-heading\" id=\"h-sul\">Sul<\/h4>\n<p>A semana come\u00e7a com possibilidade de chuva leve no oeste de Santa Catarina e nas cidades do sudoeste, norte e leste do Paran\u00e1. <\/p>\n<p>No <strong><a href=\"https:\/\/www.canalrural.com.br\/nacional\/rio-grande-do-sul\/\">Rio Grande do Sul<\/a><\/strong>, o tempo permanece firme, com predom\u00ednio de sol e poucas nuvens. As temperaturas estar\u00e3o mais amenas em Florian\u00f3polis (SC) e Curitiba (PR).<\/p>\n<h4 class=\"wp-block-heading\" id=\"h-sudeste\">Sudeste<\/h4>\n<p>A circula\u00e7\u00e3o atmosf\u00e9rica segue estimulando a forma\u00e7\u00e3o de nuvens carregadas. Em S\u00e3o Paulo, no centro-norte do Rio de Janeiro e no Esp\u00edrito Santo, o sol aparece com dificuldade, e h\u00e1 previs\u00e3o de pancadas de chuva, com potencial para temporais localizados. <\/p>\n<\/div>\n<div>\n<p>No norte do Esp\u00edrito Santo e interior de Minas Gerais, o tempo ficar\u00e1 mais fechado, com chuvas persistentes ao longo do dia.<\/p>\n<h4 class=\"wp-block-heading\" id=\"h-centro-oeste\">Centro-Oeste<\/h4>\n<p>A circula\u00e7\u00e3o de ventos na regi\u00e3o tamb\u00e9m favorece a forma\u00e7\u00e3o de nuvens carregadas. H\u00e1 chance de chuva forte no noroeste e leste de Goi\u00e1s e no leste e norte de Mato Grosso. <\/p>\n<p>Em Mato Grosso do Sul, o sol aparece durante o dia, mas pancadas de chuva irregulares podem ocorrer \u00e0 tarde.<\/p>\n<h4 class=\"wp-block-heading\" id=\"h-nordeste\">Nordeste<\/h4>\n<p>A semana come\u00e7a com maior umidade e chuvas fortes no sul do Maranh\u00e3o, Piau\u00ed e no oeste e sul da Bahia. O tempo estar\u00e1 mais inst\u00e1vel em Ilh\u00e9us, Barreiras e Porto Seguro (BA), assim como em Balsas (MA). <\/p>\n<p>Chuva moderada \u00e9 esperada no litoral de Alagoas, Pernambuco e Para\u00edba. O tempo permanece firme em Teresina (PI) e S\u00e3o Lu\u00eds (MA).<\/p>\n<h4 class=\"wp-block-heading\" id=\"h-norte\">Norte<\/h4>\n<p>O risco de temporais \u00e9 alto no Amazonas, Tocantins, sul do Par\u00e1 e Acre. <\/p>\n<p>A semana come\u00e7a abafada na maior parte da regi\u00e3o, com chance de chuva forte e trovoadas.<\/p>\n<\/div>\n<p><br \/>\n<br \/><a href=\"https:\/\/www.canalrural.com.br\/tempo\/temporais-atingem-varias-areas-do-pais-veja-previsao-para-hoje\/\">Source link <\/a><\/p>\n","protected":false},"excerpt":{"rendered":"<p>Sugest\u00f5es de t\u00edtulo Previs\u00e3o do tempo: in\u00edcio da semana com temporais e sol em diferentes regi\u00f5es do Brasil Sugest\u00f5es de<\/p>\n","protected":false},"author":1,"featured_media":3545,"comment_status":"open","ping_status":"open","sticky":false,"template":"","format":"standard","meta":{"_monsterinsights_skip_tracking":false,"_monsterinsights_sitenote_active":false,"_monsterinsights_sitenote_note":"","_monsterinsights_sitenote_category":0,"_uf_show_specific_survey":0,"_uf_disable_surveys":false,"footnotes":""},"categories":[1],"tags":[],"class_list":["post-3672","post","type-post","status-publish","format-standard","has-post-thumbnail","hentry","category-news"],"_links":{"self":[{"href":"https:\/\/agromt.news\/index.php?rest_route=\/wp\/v2\/posts\/3672"}],"collection":[{"href":"https:\/\/agromt.news\/index.php?rest_route=\/wp\/v2\/posts"}],"about":[{"href":"https:\/\/agromt.news\/index.php?rest_route=\/wp\/v2\/types\/post"}],"author":[{"embeddable":true,"href":"https:\/\/agromt.news\/index.php?rest_route=\/wp\/v2\/users\/1"}],"replies":[{"embeddable":true,"href":"https:\/\/agromt.news\/index.php?rest_route=%2Fwp%2Fv2%2Fcomments&post=3672"}],"version-history":[{"count":0,"href":"https:\/\/agromt.news\/index.php?rest_route=\/wp\/v2\/posts\/3672\/revisions"}],"wp:featuredmedia":[{"embeddable":true,"href":"https:\/\/agromt.news\/index.php?rest_route=\/wp\/v2\/media\/3545"}],"wp:attachment":[{"href":"https:\/\/agromt.news\/index.php?rest_route=%2Fwp%2Fv2%2Fmedia&parent=3672"}],"wp:term":[{"taxonomy":"category","embeddable":true,"href":"https:\/\/agromt.news\/index.php?rest_route=%2Fwp%2Fv2%2Fcategories&post=3672"},{"taxonomy":"post_tag","embeddable":true,"href":"https:\/\/agromt.news\/index.php?rest_route=%2Fwp%2Fv2%2Ftags&post=3672"}],"curies":[{"name":"wp","href":"https:\/\/api.w.org\/{rel}","templated":true}]}}