{"id":3670,"date":"2024-10-21T01:32:19","date_gmt":"2024-10-21T05:32:19","guid":{"rendered":"https:\/\/agromt.news\/?p=3670"},"modified":"2024-10-21T01:32:19","modified_gmt":"2024-10-21T05:32:19","slug":"maior-degustacao-de-vinhos-de-uma-safra-do-mundo-e-neste-sabado-em-bento-goncalves","status":"publish","type":"post","link":"https:\/\/agromt.news\/?p=3670","title":{"rendered":"Maior degusta\u00e7\u00e3o de vinhos de uma safra do mundo \u00e9 neste s\u00e1bado em Bento Gon\u00e7alves"},"content":{"rendered":"<p> <br \/>\n<\/p>\n<div>\n<p style=\"text-align:justify\">A representatividade da Safra 2024 ser\u00e1 conhecida s\u00e1bado, 19 de outubro, na 32\u00aa Avalia\u00e7\u00e3o Nacional de Vinhos \u2013 Safra 2024. Os 800 apreciadores de 72 cidades brasileiras, al\u00e9m da Espanha e Uruguai, v\u00e3o degustar ao mesmo tempo as 16 amostras selecionadas entre as 30% representativas da safra dentre um universo de 472 amostras inscritas por 67 vin\u00edcolas de sete estados brasileiros, al\u00e9m do Distrito Federal (Bahia 15, Distrito Federal 16, Goi\u00e1s 01, Minas Gerais 03, Paran\u00e1 03, Rio Grande do Sul 408, Santa Catarina 08 e S\u00e3o Paulo 18).\n<\/p>\n<p style=\"text-align:justify\">\u00danico no mundo, o evento segue seu prop\u00f3sito inicial de avaliar a safra, gerando ferramentas para viticultores, en\u00f3logos e viticultores seguiram aprimorando a produ\u00e7\u00e3o nacional. Alinhada com as tend\u00eancias de mercado e refletindo o desempenho da vitivinicultura brasileira, a Avalia\u00e7\u00e3o n\u00e3o \u00e9 um concurso por n\u00e3o conferir medalhas, mas \u00e9 uma radiografia do comportamento do setor. Reconhecida mundialmente pela sua legitimidade e relev\u00e2ncia na promo\u00e7\u00e3o e divulga\u00e7\u00e3o do vinho brasileiro, a Avalia\u00e7\u00e3o Nacional de Vinhos avan\u00e7a pelo pa\u00eds reunindo amostras de diferentes regi\u00f5es produtoras.<\/p>\n<p style=\"text-align:justify\">Reunindo agricultores, vinhateiros, en\u00f3logos, sommeliers e en\u00f3filos, o evento \u00e9 uma grande confraterniza\u00e7\u00e3o, um ponto de encontro entre pessoas que t\u00eam em comum o gosto pelo vinho. O presidente da Associa\u00e7\u00e3o Brasileira de Enologia (ABE), en\u00f3logo Ricardo Morari, acredita que esta edi\u00e7\u00e3o tem um valor especial. \u201cEstamos retomando o formato que construiu o nome da Avalia\u00e7\u00e3o. Aqui, as pessoas querem sim degustar a representatividade da safra em curso, mas querem tamb\u00e9m reencontrar amigos do vinho e fazer novas amizades em torno de uma bela ta\u00e7a. \u00c9 um encontro festivo, de comemora\u00e7\u00e3o, em que a estrela \u00e9 o vinho brasileiro, independente de marca comercial\u201d, celebra.\n<\/p>\n<p style=\"text-align:justify\">A avalia\u00e7\u00e3o das 472 amostras foi realizada \u00e0s cegas por 90 en\u00f3logos, em setembro, seguindo normas estabelecidas pela Organiza\u00e7\u00e3o Internacional da Vinha e do Vinho (OIV). Com car\u00e1ter 100% t\u00e9cnico, o processo selecionou os 30% representativos e destes as 16 amostras que ser\u00e3o degustadas pelo grande p\u00fablico. Somente no final do evento \u00e9 que ser\u00e3o divulgadas as vin\u00edcolas. A exemplo de edi\u00e7\u00f5es pr\u00e9-pandemia, a Avalia\u00e7\u00e3o Nacional de Vinhos Safra 2024 esgotou os ingressos, repetindo o sucesso hist\u00f3rico.<\/p>\n<p style=\"text-align:justify\">OS COMENTARISTAS<\/p>\n<p style=\"text-align:justify\">1.\u00a0\u00a0\u00a0\u00a0\u00a0\u00a0\u00a0\u00a0\u00a0\u00a0Ari Gorestein \u2013 Co-CEO e diretor de produtos de V\u00edssimo Group &#8211; Brasil<\/p>\n<p style=\"text-align:justify\">2.\u00a0\u00a0\u00a0\u00a0\u00a0\u00a0\u00a0\u00a0\u00a0\u00a0Bruno Sias Rodrigues \u2013 Sommelier &#8211; Brasil<\/p>\n<p style=\"text-align:justify\">3.\u00a0\u00a0\u00a0\u00a0\u00a0\u00a0\u00a0\u00a0\u00a0\u00a0Bruno Vianna \u2013 Sommelier &#8211; Brasil<\/p>\n<p style=\"text-align:justify\">4.\u00a0\u00a0\u00a0\u00a0\u00a0\u00a0\u00a0\u00a0\u00a0\u00a0Daniel Arraspide \u2013 Jornalista e sommelier &#8211; Uruguai<\/p>\n<p style=\"text-align:justify\">5.\u00a0\u00a0\u00a0\u00a0\u00a0\u00a0\u00a0\u00a0\u00a0\u00a0Dion\u00edsio Chaves \u2013 Sommelier &#8211; Brasil<\/p>\n<p style=\"text-align:justify\">6.\u00a0\u00a0\u00a0\u00a0\u00a0\u00a0\u00a0\u00a0\u00a0\u00a0Jos\u00e9 Ignacio Hern\u00e1ndez \u2013 En\u00f3logo &#8211; Espanha<\/p>\n<p style=\"text-align:justify\">7.\u00a0\u00a0\u00a0\u00a0\u00a0\u00a0\u00a0\u00a0\u00a0\u00a0Lucia Porto \u2013 Jornalista e sommelier &#8211; Brasil<\/p>\n<p style=\"text-align:justify\">8.\u00a0\u00a0\u00a0\u00a0\u00a0\u00a0\u00a0\u00a0\u00a0\u00a0Marcio Campos Dias \u2013 Jornalista &#8211; Brasil<\/p>\n<p style=\"text-align:justify\">9.\u00a0\u00a0\u00a0\u00a0\u00a0\u00a0\u00a0\u00a0\u00a0\u00a0Mauricio Ceccon \u2013 Sommelier &#8211; Brasil<\/p>\n<p style=\"text-align:justify\">10.\u00a0\u00a0\u00a0\u00a0\u00a0\u00a0\u00a0\u00a0Murillo de Albuquerque Regina \u2013 Engenheiro Agr\u00f4nomo &#8211; Brasil<\/p>\n<p style=\"text-align:justify\">11.\u00a0\u00a0\u00a0\u00a0\u00a0\u00a0\u00a0\u00a0Paula Theotonio \u2013 Jornalista e sommelier &#8211; Brasil<\/p>\n<p style=\"text-align:justify\">12.\u00a0\u00a0\u00a0\u00a0\u00a0\u00a0\u00a0\u00a0Prot\u00e1sio Da Luz \u2013 M\u00e9dico &#8211; Brasil<\/p>\n<p style=\"text-align:justify\">13.\u00a0\u00a0\u00a0\u00a0\u00a0\u00a0\u00a0\u00a0Rosane Marchetti \u2013 Jornalista &#8211; Brasil<\/p>\n<p style=\"text-align:justify\">14.\u00a0\u00a0\u00a0\u00a0\u00a0\u00a0\u00a0\u00a0Sara Bodowsky \u2013 Jornalista &#8211; Brasil<\/p>\n<p style=\"text-align:justify\">15.\u00a0\u00a0\u00a0\u00a0\u00a0\u00a0\u00a0\u00a0Vanessa Stefani \u2013 En\u00f3loga &#8211; Brasil<\/p>\n<p style=\"text-align:justify\">16.\u00a0\u00a0\u00a0\u00a0\u00a0\u00a0\u00a0\u00a0Sorteado<\/p>\n<p style=\"text-align:justify\">SERVI\u00c7O<\/p>\n<p style=\"text-align:justify\">O que? 32\u00aa Avalia\u00e7\u00e3o Nacional de Vinhos \u2013 Safra 2024<\/p>\n<p style=\"text-align:justify\">Quando? 19 de outubro de 2024<\/p>\n<p style=\"text-align:justify\">Onde? Pavilh\u00e3o E do Parque de Eventos de Bento Gon\u00e7alves<\/p>\n<p style=\"text-align:justify\">Ingressos pelo\u00a0https:\/\/www.enologia.org.br\/avaliacao-nacional-de-vinhos\/inscricao-publico\/<\/p>\n<p style=\"text-align:justify\">Promo\u00e7\u00e3o: Associa\u00e7\u00e3o Brasileira de Enologia<\/p>\n<p style=\"text-align:justify\"><img decoding=\"async\" class=\"img-fluid\" src=\"https:\/\/www.agrolink.com.br\/Upload\/noticias\/74437ce87c2a4d9bb82f4c56732d7af8.jpg\"\/><\/p>\n<p style=\"text-align:justify\"><img decoding=\"async\" class=\"img-fluid\" src=\"https:\/\/www.agrolink.com.br\/Upload\/noticias\/099300e391074da38b16fbc886934a52.jpg\"\/><\/p>\n<p style=\"text-align:justify\"><img decoding=\"async\" class=\"img-fluid\" src=\"https:\/\/www.agrolink.com.br\/Upload\/noticias\/68cfbbad03d44fdc93a48a9175cfc577.jpg\"\/><\/p>\n<p style=\"text-align:justify\">FOTOS: JEFERSON SOLDI<\/p>\n<\/div>\n<p><script data-cfasync=\"false\">\n    !function (f, b, e, v, n, t, s) {\n        if (f.fbq) return; n = f.fbq = function () {\n            n.callMethod ?\n                n.callMethod.apply(n, arguments) : n.queue.push(arguments)\n        };\n        if (!f._fbq) f._fbq = n; n.push = n; n.loaded = !0; n.version = '2.0';\n        n.queue = []; t = b.createElement(e); t.async = !0;\n        t.src = v; s = b.getElementsByTagName(e)[0];\n        s.parentNode.insertBefore(t, s)\n    }(window, document, 'script',\n        'https:\/\/connect.facebook.net\/en_US\/fbevents.js');\n    fbq('init', '522546078623747');\n    fbq('track', 'PageView');\n<\/script><br \/>\n<br \/><br \/>\n<br \/><a href=\"https:\/\/www.agrolink.com.br\/noticias\/maior-degustacao-de-vinhos-de-uma-safra-do-mundo-e-neste-sabado-em-bento-goncalves_495996.html\">Source link <\/a><\/p>\n","protected":false},"excerpt":{"rendered":"<p>A representatividade da Safra 2024 ser\u00e1 conhecida s\u00e1bado, 19 de outubro, na 32\u00aa Avalia\u00e7\u00e3o Nacional de Vinhos \u2013 Safra 2024.<\/p>\n","protected":false},"author":1,"featured_media":3671,"comment_status":"open","ping_status":"open","sticky":false,"template":"","format":"standard","meta":{"_monsterinsights_skip_tracking":false,"_monsterinsights_sitenote_active":false,"_monsterinsights_sitenote_note":"","_monsterinsights_sitenote_category":0,"_uf_show_specific_survey":0,"_uf_disable_surveys":false,"footnotes":""},"categories":[8,1,14],"tags":[],"class_list":["post-3670","post","type-post","status-publish","format-standard","has-post-thumbnail","hentry","category-agro","category-news","category-politica-agro"],"_links":{"self":[{"href":"https:\/\/agromt.news\/index.php?rest_route=\/wp\/v2\/posts\/3670"}],"collection":[{"href":"https:\/\/agromt.news\/index.php?rest_route=\/wp\/v2\/posts"}],"about":[{"href":"https:\/\/agromt.news\/index.php?rest_route=\/wp\/v2\/types\/post"}],"author":[{"embeddable":true,"href":"https:\/\/agromt.news\/index.php?rest_route=\/wp\/v2\/users\/1"}],"replies":[{"embeddable":true,"href":"https:\/\/agromt.news\/index.php?rest_route=%2Fwp%2Fv2%2Fcomments&post=3670"}],"version-history":[{"count":0,"href":"https:\/\/agromt.news\/index.php?rest_route=\/wp\/v2\/posts\/3670\/revisions"}],"wp:featuredmedia":[{"embeddable":true,"href":"https:\/\/agromt.news\/index.php?rest_route=\/wp\/v2\/media\/3671"}],"wp:attachment":[{"href":"https:\/\/agromt.news\/index.php?rest_route=%2Fwp%2Fv2%2Fmedia&parent=3670"}],"wp:term":[{"taxonomy":"category","embeddable":true,"href":"https:\/\/agromt.news\/index.php?rest_route=%2Fwp%2Fv2%2Fcategories&post=3670"},{"taxonomy":"post_tag","embeddable":true,"href":"https:\/\/agromt.news\/index.php?rest_route=%2Fwp%2Fv2%2Ftags&post=3670"}],"curies":[{"name":"wp","href":"https:\/\/api.w.org\/{rel}","templated":true}]}}