{"id":3668,"date":"2024-10-20T22:24:46","date_gmt":"2024-10-21T02:24:46","guid":{"rendered":"https:\/\/agromt.news\/?p=3668"},"modified":"2024-10-20T22:24:46","modified_gmt":"2024-10-21T02:24:46","slug":"fundecitrus-discute-desafios-e-conquistas-da-citricultura-no-juice-summit-na-belgica","status":"publish","type":"post","link":"https:\/\/agromt.news\/?p=3668","title":{"rendered":"Fundecitrus discute desafios e conquistas da citricultura no Juice Summit, na B\u00e9lgica"},"content":{"rendered":"<p> <br \/>\n<\/p>\n<div>\n<div class=\"row\">\n<div class=\"col-lg col-infos mt-3 mt-lg-0\">\n<div class=\"section-sub-title\">\n<p itemprop=\"description\">\nFundecitrus participou, nesta quarta e quinta-feira da edi\u00e7\u00e3o do\u00a0Juice Summit\n<\/p>\n<\/div>\n<div class=\"container\">\n<div class=\"row\">\n<div class=\"col-lg p-0 text-lg-end\">\n<div>\n<div id=\"mdEnviarPagina\" class=\"modal fade\" role=\"dialog\">\n<div class=\"modal-dialog\">\n<div class=\"modal-content\">\n<div class=\"modal-body\">\n<p><strong>Estimado usu\u00e1rio.<\/strong><br \/>Preencha o formul\u00e1rio abaixo para remeter a p\u00e1gina.<\/p>\n<\/div>\n<\/div>\n<\/div>\n<\/div>\n<\/div>\n<\/div>\n<\/div>\n<\/div>\n<\/div>\n<\/div>\n<div class=\"row justify-content-md-center mt-3\">\n<div class=\"col-lg-auto col-image  block-news-main-image d-none d-md-block\">\n<img decoding=\"async\" src=\"https:\/\/www.agrolink.com.br\/upload\/imagens-resizes\/a7cca2fe82874c0ba28797ee1c7652f8_858x483.jpg\" class=\"lazyload \"\/><br \/>\n<span class=\"publicity-photo d-block mt-1\">Foto: Fundecitrus<\/span>\n<\/div>\n<\/div>\n<div class=\"section-description section-description-noticias mt-3\">\n<p style=\"text-align:justify\">O Fundecitrus participou, nesta quarta e quinta-feira (16 e 17), da edi\u00e7\u00e3o 2024 do\u00a0Juice Summit,\u00a0realizado na Antu\u00e9rpia, B\u00e9lgica. A confer\u00eancia internacional \u00e9 organizada pelas ind\u00fastrias de sucos e oferece oportunidades de\u00a0networking\u00a0e discuss\u00e3o de temas importantes enfrentados pelos setores, incluindo tend\u00eancias de mercado e de consumo, estrat\u00e9gias futuras, pesquisa e oportunidade de crescimento. O diretor-executivo do Fundecitrus, Juliano Ayres, participou da confer\u00eancia e ministrou palestra dentro da sess\u00e3o \u201cPrincipais amea\u00e7as e novas abordagens para uma ind\u00fastria de laranja saud\u00e1vel no Brasil\u201d.\n<\/p>\n<p style=\"text-align:justify\">Ayres apresentou o cen\u00e1rio de desafio para a produ\u00e7\u00e3o de citros diante da evolu\u00e7\u00e3o do greening e dos impactos provocados pelas altas temperaturas no cintur\u00e3o citr\u00edcola. Ele tamb\u00e9m tra\u00e7ou a evolu\u00e7\u00e3o das pesquisas desenvolvidas pelo Fundecitrus em benef\u00edcio da sustentabilidade da citricultura, atualizando o setor sobre os resultados promissores no desenvolvimento de laranjeiras repelentes ao psil\u00eddeo, vetor do greening, e a combina\u00e7\u00e3o delas com outros mecanismos para repelir e matar o inseto. \u201c\u00c9 uma oportunidade muito importante para a citricultura brasileira poder reunir-se nesse f\u00f3rum global para compartilhamento de conhecimento\u00a0com todos os participantes da ind\u00fastria internacional. O greening \u00e9 um desafio mundial que cobra uni\u00e3o de todos os envolvidos. Por onde passou, devastou pomares! N\u00e3o h\u00e1 cura. Mostramos, nesse f\u00f3rum, que nossas pesquisas est\u00e3o no caminho certo para a mitiga\u00e7\u00e3o da pior doen\u00e7a do setor\u201d, diz Ayres.\n<\/p>\n<p style=\"text-align:justify\">A abordagem sobre o tema tamb\u00e9m contou com a participa\u00e7\u00e3o do pesquisador parceiro do Fundecitrus Leandro Pe\u00f1a, da Universidade Polit\u00e9cnica de Val\u00eancia (Espanha), e do consultor Marcos Fava Neves, Professor da USP\/Ribeir\u00e3o Preto (SP) e da\u00a0Harven Agribusiness School.\n<\/p>\n<\/div>\n<\/div>\n<p><script data-cfasync=\"false\">\n    !function (f, b, e, v, n, t, s) {\n        if (f.fbq) return; n = f.fbq = function () {\n            n.callMethod ?\n                n.callMethod.apply(n, arguments) : n.queue.push(arguments)\n        };\n        if (!f._fbq) f._fbq = n; n.push = n; n.loaded = !0; n.version = '2.0';\n        n.queue = []; t = b.createElement(e); t.async = !0;\n        t.src = v; s = b.getElementsByTagName(e)[0];\n        s.parentNode.insertBefore(t, s)\n    }(window, document, 'script',\n        'https:\/\/connect.facebook.net\/en_US\/fbevents.js');\n    fbq('init', '522546078623747');\n    fbq('track', 'PageView');\n<\/script><br \/>\n<br \/><br \/>\n<br \/><a href=\"https:\/\/www.agrolink.com.br\/noticias\/fundecitrus-discute-desafios-e-conquistas-da-citricultura-no-juice-summit--na-belgica_495997.html\">Source link <\/a><\/p>\n","protected":false},"excerpt":{"rendered":"<p>Fundecitrus participou, nesta quarta e quinta-feira da edi\u00e7\u00e3o do\u00a0Juice Summit Estimado usu\u00e1rio.Preencha o formul\u00e1rio abaixo para remeter a p\u00e1gina. Foto:<\/p>\n","protected":false},"author":1,"featured_media":3669,"comment_status":"open","ping_status":"open","sticky":false,"template":"","format":"standard","meta":{"_monsterinsights_skip_tracking":false,"_monsterinsights_sitenote_active":false,"_monsterinsights_sitenote_note":"","_monsterinsights_sitenote_category":0,"_uf_show_specific_survey":0,"_uf_disable_surveys":false,"footnotes":""},"categories":[8,1,14],"tags":[],"class_list":["post-3668","post","type-post","status-publish","format-standard","has-post-thumbnail","hentry","category-agro","category-news","category-politica-agro"],"_links":{"self":[{"href":"https:\/\/agromt.news\/index.php?rest_route=\/wp\/v2\/posts\/3668"}],"collection":[{"href":"https:\/\/agromt.news\/index.php?rest_route=\/wp\/v2\/posts"}],"about":[{"href":"https:\/\/agromt.news\/index.php?rest_route=\/wp\/v2\/types\/post"}],"author":[{"embeddable":true,"href":"https:\/\/agromt.news\/index.php?rest_route=\/wp\/v2\/users\/1"}],"replies":[{"embeddable":true,"href":"https:\/\/agromt.news\/index.php?rest_route=%2Fwp%2Fv2%2Fcomments&post=3668"}],"version-history":[{"count":0,"href":"https:\/\/agromt.news\/index.php?rest_route=\/wp\/v2\/posts\/3668\/revisions"}],"wp:featuredmedia":[{"embeddable":true,"href":"https:\/\/agromt.news\/index.php?rest_route=\/wp\/v2\/media\/3669"}],"wp:attachment":[{"href":"https:\/\/agromt.news\/index.php?rest_route=%2Fwp%2Fv2%2Fmedia&parent=3668"}],"wp:term":[{"taxonomy":"category","embeddable":true,"href":"https:\/\/agromt.news\/index.php?rest_route=%2Fwp%2Fv2%2Fcategories&post=3668"},{"taxonomy":"post_tag","embeddable":true,"href":"https:\/\/agromt.news\/index.php?rest_route=%2Fwp%2Fv2%2Ftags&post=3668"}],"curies":[{"name":"wp","href":"https:\/\/api.w.org\/{rel}","templated":true}]}}