{"id":3628,"date":"2024-10-19T14:45:14","date_gmt":"2024-10-19T18:45:14","guid":{"rendered":"https:\/\/agromt.news\/?p=3628"},"modified":"2024-10-19T14:45:14","modified_gmt":"2024-10-19T18:45:14","slug":"projecoes-de-safra-sao-positivas-no-rio-grande-do-sul","status":"publish","type":"post","link":"https:\/\/agromt.news\/?p=3628","title":{"rendered":"proje\u00e7\u00f5es de safra s\u00e3o positivas no Rio Grande do Sul"},"content":{"rendered":"<p> <br \/>\n<\/p>\n<div>\n<div class=\"row\">\n<div class=\"col-lg col-infos mt-3 mt-lg-0\">\n<div class=\"section-sub-title\">\n<p itemprop=\"description\">\nPre\u00e7o do feij\u00e3o recua 0,40% no estado\n<\/p>\n<\/div>\n<div class=\"container\">\n<div class=\"row\">\n<div class=\"col-lg p-0\">\n<div>\n<div class=\"block-news-main-infos mt-3 text-start\">\n<strong class=\"fn\" itemprop=\"author\" style=\"color: rgb(112, 112, 112); \"><br \/>\n<a href=\"https:\/\/www.agrolink.com.br\/noticias\/javascript:;\" class=\"text-uppercase\" target=\"_blank\" style=\"color: rgb(112, 112, 112); \" rel=\"noopener\">Agrolink<\/a><br \/>\n&#8211; Seane Lennon<br \/>\n<\/strong><br \/>\n<br \/>\n<abbr><time datetime=\"2024-10-18T16:02\" itemprop=\"datePublished dateModified\">Publicado em 18\/10\/2024 \u00e0s 16:02h.<\/time><\/abbr><br \/>\n\n<\/div>\n<\/div>\n<\/div>\n<div class=\"col-lg p-0 text-lg-end\">\n<div>\n<div id=\"mdEnviarPagina\" class=\"modal fade\" role=\"dialog\">\n<div class=\"modal-dialog\">\n<div class=\"modal-content\">\n<div class=\"modal-body\">\n<p><strong>Estimado usu\u00e1rio.<\/strong><br \/>Preencha o formul\u00e1rio abaixo para remeter a p\u00e1gina.<\/p>\n<\/div>\n<\/div>\n<\/div>\n<\/div>\n<\/div>\n<\/div>\n<\/div>\n<\/div>\n<\/div>\n<\/div>\n<div class=\"row justify-content-md-center mt-3\">\n<div class=\"col-lg-auto col-image  block-news-main-image d-none d-md-block\">\n<img decoding=\"async\" src=\"https:\/\/www.agrolink.com.br\/upload\/imagens-resizes\/f7187c72a4414e689a9d0aa886396269_858x483.jpg\" class=\"lazyload \"\/><br \/>\n<span class=\"publicity-photo d-block mt-1\">Foto: Pixabay<\/span>\n<\/div>\n<\/div>\n<div class=\"section-description section-description-noticias mt-3\">\n<p style=\"text-align:justify\">A instabilidade clim\u00e1tica que atingiu o\u00a0Rio Grande do Sul nas \u00faltimas semanas\u00a0reduziu o ritmo da semeadura\u00a0do <a href=\"https:\/\/www.agrolink.com.br\/culturas\/feijao\/?utm_source=agrolink-detalhe-noticia&amp;utm_medium=detalhe-noticia&amp;utm_campaign=links-internos\" target=\"_blank\" rel=\"noopener\">feij\u00e3o<\/a> da primeira safra. Apesar das condi\u00e7\u00f5es adversas, a expectativa de produtividade para a safra 2024\/2025 permanece inalterada, com proje\u00e7\u00e3o de 1.786 kg\/ha em uma \u00e1rea cultivada de 28.896 hectares, conforme aponta o Informativo Conjuntural divulgado nesta quinta-feira (17) pela Emater\/RS.\n<\/p>\n<p style=\"text-align:justify\">Segundo o informativo, os produtores est\u00e3o adotando manejos distintos conforme o est\u00e1gio de desenvolvimento da cultura, como a aplica\u00e7\u00e3o de <a href=\"https:\/\/www.agrolink.com.br\/fertilizantes\/nutrientes\/fertilizantes-minerais-nitrogenados_361444.html?utm_source=agrolink-detalhe-noticia&amp;utm_medium=detalhe-noticia&amp;utm_campaign=links-internos\" target=\"_blank\" rel=\"noopener\">nitrog\u00eanio<\/a> em cobertura e a capina para controle de ervas daninhas. Grande parte das lavouras se encontra em est\u00e1gios iniciais de ciclo, com a maioria em semeadura ou germina\u00e7\u00e3o\/emerg\u00eancia, enquanto as \u00e1reas de plantio precoce j\u00e1 apresentam plantas em flora\u00e7\u00e3o.<\/p>\n<p style=\"text-align:justify\">Na regi\u00e3o de Iju\u00ed, as lavouras se destacam pelo bom desenvolvimento, com hastes vigorosas e folhas bem expandidas. Em Tenente Portela, as primeiras \u00e1reas j\u00e1 entraram na fase de flora\u00e7\u00e3o. Na regi\u00e3o de Pelotas, apesar do tempo inst\u00e1vel, o avan\u00e7o da semeadura foi registrado, atingindo 17% da \u00e1rea prevista. J\u00e1 na regi\u00e3o de Santa Maria, produtores relataram a presen\u00e7a da praga mosca-branca (Bemisia spp.) nas lavouras da Quarta Col\u00f4nia, o que pode demandar medidas de controle.\n<\/p>\n<p style=\"text-align:justify\"><a href=\"http:\/\/www.agrolink.com.br\/agrolinkfito\/?utm_source=agrolink-detalhe-noticia&amp;utm_medium=detalhe-noticia&amp;utm_campaign=links-internos\" target=\"_blank\" rel=\"noopener\">Veja mais informa\u00e7\u00f5es sobre fitossanidade no Agrolinkfito<\/a><\/p>\n<p style=\"text-align:justify\">Em Soledade, a semeadura j\u00e1 alcan\u00e7ou 90% da \u00e1rea planejada, com 5% das plantas emergidas na fase de florescimento. A combina\u00e7\u00e3o de temperaturas amenas, alta umidade e esporos dispon\u00edveis pode aumentar o risco de doen\u00e7as como antracnose (Colletotrichum lindemuthianum), especialmente em lavouras sem aplica\u00e7\u00e3o de <a href=\"https:\/\/www.agrolink.com.br\/agrolinkfito\/tecnologia-de-aplicacao\/aplicacao-terrestre\/aspectos-gerais-da-aplicacao-de-fungicidas_480785.html\" target=\"_blank\" rel=\"noopener\">fungicidas<\/a>.<\/p>\n<p style=\"text-align:justify\">No mercado, o valor m\u00e9dio da saca de 60 quilos do feij\u00e3o apresentou uma leve redu\u00e7\u00e3o de 0,40% em rela\u00e7\u00e3o \u00e0 semana anterior. O pre\u00e7o passou de R$ 316,25 para R$ 315,00, segundo levantamento da Emater\/RS-Ascar.<\/p>\n<\/div>\n<\/div>\n<p><script data-cfasync=\"false\">\n    !function (f, b, e, v, n, t, s) {\n        if (f.fbq) return; n = f.fbq = function () {\n            n.callMethod ?\n                n.callMethod.apply(n, arguments) : n.queue.push(arguments)\n        };\n        if (!f._fbq) f._fbq = n; n.push = n; n.loaded = !0; n.version = '2.0';\n        n.queue = []; t = b.createElement(e); t.async = !0;\n        t.src = v; s = b.getElementsByTagName(e)[0];\n        s.parentNode.insertBefore(t, s)\n    }(window, document, 'script',\n        'https:\/\/connect.facebook.net\/en_US\/fbevents.js');\n    fbq('init', '522546078623747');\n    fbq('track', 'PageView');\n<\/script><br \/>\n<br \/><br \/>\n<br \/><a href=\"https:\/\/www.agrolink.com.br\/noticias\/feijao--projecoes-de-safra-sao-positivas-no-rio-grande-do-sul_495984.html\">Source link <\/a><\/p>\n","protected":false},"excerpt":{"rendered":"<p>Pre\u00e7o do feij\u00e3o recua 0,40% no estado Agrolink &#8211; Seane Lennon Publicado em 18\/10\/2024 \u00e0s 16:02h. Estimado usu\u00e1rio.Preencha o formul\u00e1rio<\/p>\n","protected":false},"author":1,"featured_media":2355,"comment_status":"open","ping_status":"open","sticky":false,"template":"","format":"standard","meta":{"_monsterinsights_skip_tracking":false,"_monsterinsights_sitenote_active":false,"_monsterinsights_sitenote_note":"","_monsterinsights_sitenote_category":0,"_uf_show_specific_survey":0,"_uf_disable_surveys":false,"footnotes":""},"categories":[8,1,14],"tags":[],"class_list":["post-3628","post","type-post","status-publish","format-standard","has-post-thumbnail","hentry","category-agro","category-news","category-politica-agro"],"_links":{"self":[{"href":"https:\/\/agromt.news\/index.php?rest_route=\/wp\/v2\/posts\/3628"}],"collection":[{"href":"https:\/\/agromt.news\/index.php?rest_route=\/wp\/v2\/posts"}],"about":[{"href":"https:\/\/agromt.news\/index.php?rest_route=\/wp\/v2\/types\/post"}],"author":[{"embeddable":true,"href":"https:\/\/agromt.news\/index.php?rest_route=\/wp\/v2\/users\/1"}],"replies":[{"embeddable":true,"href":"https:\/\/agromt.news\/index.php?rest_route=%2Fwp%2Fv2%2Fcomments&post=3628"}],"version-history":[{"count":0,"href":"https:\/\/agromt.news\/index.php?rest_route=\/wp\/v2\/posts\/3628\/revisions"}],"wp:featuredmedia":[{"embeddable":true,"href":"https:\/\/agromt.news\/index.php?rest_route=\/wp\/v2\/media\/2355"}],"wp:attachment":[{"href":"https:\/\/agromt.news\/index.php?rest_route=%2Fwp%2Fv2%2Fmedia&parent=3628"}],"wp:term":[{"taxonomy":"category","embeddable":true,"href":"https:\/\/agromt.news\/index.php?rest_route=%2Fwp%2Fv2%2Fcategories&post=3628"},{"taxonomy":"post_tag","embeddable":true,"href":"https:\/\/agromt.news\/index.php?rest_route=%2Fwp%2Fv2%2Ftags&post=3628"}],"curies":[{"name":"wp","href":"https:\/\/api.w.org\/{rel}","templated":true}]}}