{"id":3541,"date":"2024-10-18T02:16:11","date_gmt":"2024-10-18T06:16:11","guid":{"rendered":"https:\/\/agromt.news\/?p=3541"},"modified":"2024-10-18T02:16:11","modified_gmt":"2024-10-18T06:16:11","slug":"mercado-de-acucar-fecha-em-queda-semanal","status":"publish","type":"post","link":"https:\/\/agromt.news\/?p=3541","title":{"rendered":"Mercado de a\u00e7\u00facar fecha em queda semanal"},"content":{"rendered":"<p> <br \/>\n<\/p>\n<div>\n<div class=\"row\">\n<div class=\"col-lg col-infos mt-3 mt-lg-0\">\n<div class=\"section-sub-title\">\n<p itemprop=\"description\">\nAo fim da sess\u00e3o, o contrato H25 foi precificado a US\u00a2 22,24\/lb\n<\/p>\n<\/div>\n<div class=\"container\">\n<div class=\"row\">\n<div class=\"col-lg p-0\">\n<div>\n<div class=\"block-news-main-infos mt-3 text-start\">\n<strong class=\"fn\" itemprop=\"author\" style=\"color: rgb(112, 112, 112); \"><br \/>\n<a href=\"https:\/\/www.agrolink.com.br\/noticias\/javascript:;\" class=\"text-uppercase\" target=\"_blank\" style=\"color: rgb(112, 112, 112); \" rel=\"noopener\">Agrolink<\/a><br \/>\n&#8211; Leonardo Gottems<br \/>\n<\/strong><br \/>\n<br \/>\n<abbr><time datetime=\"2024-10-17T16:46\" itemprop=\"datePublished dateModified\">Publicado em 17\/10\/2024 \u00e0s 16:46h.<\/time><\/abbr><br \/>\n\n<\/div>\n<\/div>\n<\/div>\n<div class=\"col-lg p-0 text-lg-end\">\n<div>\n<div id=\"mdEnviarPagina\" class=\"modal fade\" role=\"dialog\">\n<div class=\"modal-dialog\">\n<div class=\"modal-content\">\n<div class=\"modal-body\">\n<p><strong>Estimado usu\u00e1rio.<\/strong><br \/>Preencha o formul\u00e1rio abaixo para remeter a p\u00e1gina.<\/p>\n<\/div>\n<\/div>\n<\/div>\n<\/div>\n<\/div>\n<\/div>\n<\/div>\n<\/div>\n<\/div>\n<\/div>\n<div class=\"row justify-content-md-center mt-3\">\n<div class=\"col-lg-auto col-image  block-news-main-image d-none d-md-block\">\n<img decoding=\"async\" src=\"https:\/\/www.agrolink.com.br\/upload\/imagens-resizes\/33c7c4deacf34fa5872655ef79cf3e96_858x483.jpg\" class=\"lazyload \" alt=\"Assim, o mercado de a\u00e7\u00facar e etanol segue influenciado por fatores clim\u00e1ticos e especulativos\"\/><br \/>\n<span class=\"d-block mt-1\">Assim, o mercado de a\u00e7\u00facar e etanol segue influenciado por fatores clim\u00e1ticos e especulativos &#8211; Foto: Pixabay<\/span>\n<\/div>\n<\/div>\n<div class=\"section-description section-description-noticias mt-3\">\n<p>De acordo com a StoneX, a semana foi marcada por um direcionamento pouco claro para o mercado futuro de a\u00e7\u00facar. Nesta sexta-feira (11), o a\u00e7\u00facar bruto em Nova York registrou uma alta moderada pelo terceiro preg\u00e3o consecutivo, por\u00e9m insuficiente para evitar que o contrato de mar\u00e7o\/25 fechasse em queda em rela\u00e7\u00e3o \u00e0 semana anterior.\u00a0\n<\/p>\n<p>Ao fim da sess\u00e3o, o contrato H25 foi precificado a US\u00a2 22,24\/lb, apresentando uma queda de 3,3% em compara\u00e7\u00e3o com a semana passada, quando os pre\u00e7os ainda superavam o n\u00edvel de US\u00a2 23,00\/lb. O relat\u00f3rio da UNICA, que trouxe dados alinhados \u00e0s expectativas, contribuiu para os ajustes observados ao longo da semana. At\u00e9 ter\u00e7a-feira, a queda acumulada em quatro preg\u00f5es chegou a atingir n\u00edveis abaixo de US\u00a2 22,00\/lb, alcan\u00e7ando US\u00a2 21,80\/lb, mas com recupera\u00e7\u00e3o posterior.<\/p>\n<p>No setor de etanol hidratado, o indicador da StoneX para Ribeir\u00e3o Preto (SP), incluindo impostos, fechou a semana em R$ 3,02\/litro, refletindo uma alta semanal de 2%. Esse aumento pode estar relacionado ao retorno das compras das usinas ao mercado dom\u00e9stico, especialmente na segunda quinzena de setembro, diferente do cen\u00e1rio observado no in\u00edcio daquele m\u00eas, quando a demanda caiu, pressionando os pre\u00e7os para baixo. Atualmente, a normaliza\u00e7\u00e3o dos estoques nas usinas sugere que outubro poder\u00e1 registrar um pico de estocagem no Centro-Sul e, eventualmente, uma queda do indicador a partir deste ponto.\n<\/p>\n<p>Assim, o mercado de a\u00e7\u00facar e etanol segue influenciado por fatores clim\u00e1ticos e especulativos. A aten\u00e7\u00e3o \u00e0s condi\u00e7\u00f5es no Centro-Sul e aos estoques das usinas ser\u00e1 essencial para determinar a dire\u00e7\u00e3o dos pre\u00e7os nas pr\u00f3ximas semanas, acompanhando poss\u00edveis ajustes e oportunidades.<br \/>\u00a0<\/p>\n<\/div>\n<\/div>\n<p><script data-cfasync=\"false\">\n    !function (f, b, e, v, n, t, s) {\n        if (f.fbq) return; n = f.fbq = function () {\n            n.callMethod ?\n                n.callMethod.apply(n, arguments) : n.queue.push(arguments)\n        };\n        if (!f._fbq) f._fbq = n; n.push = n; n.loaded = !0; n.version = '2.0';\n        n.queue = []; t = b.createElement(e); t.async = !0;\n        t.src = v; s = b.getElementsByTagName(e)[0];\n        s.parentNode.insertBefore(t, s)\n    }(window, document, 'script',\n        'https:\/\/connect.facebook.net\/en_US\/fbevents.js');\n    fbq('init', '522546078623747');\n    fbq('track', 'PageView');\n<\/script><br \/>\n<br \/><br \/>\n<br \/><a href=\"https:\/\/www.agrolink.com.br\/noticias\/mercado-de-acucar-fecha-em-queda-semanal_495948.html\">Source link <\/a><\/p>\n","protected":false},"excerpt":{"rendered":"<p>Ao fim da sess\u00e3o, o contrato H25 foi precificado a US\u00a2 22,24\/lb Agrolink &#8211; Leonardo Gottems Publicado em 17\/10\/2024 \u00e0s<\/p>\n","protected":false},"author":1,"featured_media":3542,"comment_status":"open","ping_status":"open","sticky":false,"template":"","format":"standard","meta":{"_monsterinsights_skip_tracking":false,"_monsterinsights_sitenote_active":false,"_monsterinsights_sitenote_note":"","_monsterinsights_sitenote_category":0,"_uf_show_specific_survey":0,"_uf_disable_surveys":false,"footnotes":""},"categories":[8,1,14],"tags":[],"class_list":["post-3541","post","type-post","status-publish","format-standard","has-post-thumbnail","hentry","category-agro","category-news","category-politica-agro"],"_links":{"self":[{"href":"https:\/\/agromt.news\/index.php?rest_route=\/wp\/v2\/posts\/3541"}],"collection":[{"href":"https:\/\/agromt.news\/index.php?rest_route=\/wp\/v2\/posts"}],"about":[{"href":"https:\/\/agromt.news\/index.php?rest_route=\/wp\/v2\/types\/post"}],"author":[{"embeddable":true,"href":"https:\/\/agromt.news\/index.php?rest_route=\/wp\/v2\/users\/1"}],"replies":[{"embeddable":true,"href":"https:\/\/agromt.news\/index.php?rest_route=%2Fwp%2Fv2%2Fcomments&post=3541"}],"version-history":[{"count":0,"href":"https:\/\/agromt.news\/index.php?rest_route=\/wp\/v2\/posts\/3541\/revisions"}],"wp:featuredmedia":[{"embeddable":true,"href":"https:\/\/agromt.news\/index.php?rest_route=\/wp\/v2\/media\/3542"}],"wp:attachment":[{"href":"https:\/\/agromt.news\/index.php?rest_route=%2Fwp%2Fv2%2Fmedia&parent=3541"}],"wp:term":[{"taxonomy":"category","embeddable":true,"href":"https:\/\/agromt.news\/index.php?rest_route=%2Fwp%2Fv2%2Fcategories&post=3541"},{"taxonomy":"post_tag","embeddable":true,"href":"https:\/\/agromt.news\/index.php?rest_route=%2Fwp%2Fv2%2Ftags&post=3541"}],"curies":[{"name":"wp","href":"https:\/\/api.w.org\/{rel}","templated":true}]}}