{"id":3537,"date":"2024-10-17T22:07:59","date_gmt":"2024-10-18T02:07:59","guid":{"rendered":"https:\/\/agromt.news\/?p=3537"},"modified":"2024-10-17T22:07:59","modified_gmt":"2024-10-18T02:07:59","slug":"produtores-semearam-30-do-arroz-no-rs-diz-irga","status":"publish","type":"post","link":"https:\/\/agromt.news\/?p=3537","title":{"rendered":"Produtores semearam 30% do arroz no RS, diz Irga"},"content":{"rendered":"<p> <br \/>\n<\/p>\n<div>\n<div class=\"row\">\n<div class=\"col-lg col-infos mt-3 mt-lg-0\">\n<div class=\"section-sub-title\">\n<p itemprop=\"description\">\nA Fronteira Oeste (FO), a regional mais adiantada\n<\/p>\n<\/div>\n<div class=\"container\">\n<div class=\"row\">\n<div class=\"col-lg p-0\">\n<div>\n<div class=\"block-news-main-infos mt-3 text-start\">\n<strong class=\"fn\" itemprop=\"author\" style=\"color: rgb(112, 112, 112); \"><br \/>\n<a href=\"https:\/\/www.agrolink.com.br\/noticias\/javascript:;\" class=\"text-uppercase\" target=\"_blank\" style=\"color: rgb(112, 112, 112); \" rel=\"noopener\">Irga<\/a><br \/>\n<\/strong><br \/>\n<br \/>\n<abbr><time datetime=\"2024-10-17T17:10\" itemprop=\"datePublished dateModified\">Publicado em 17\/10\/2024 \u00e0s 17:10h.<\/time><\/abbr><br \/>\n\n<\/div>\n<\/div>\n<\/div>\n<div class=\"col-lg p-0 text-lg-end\">\n<div>\n<div id=\"mdEnviarPagina\" class=\"modal fade\" role=\"dialog\">\n<div class=\"modal-dialog\">\n<div class=\"modal-content\">\n<div class=\"modal-body\">\n<p><strong>Estimado usu\u00e1rio.<\/strong><br \/>Preencha o formul\u00e1rio abaixo para remeter a p\u00e1gina.<\/p>\n<\/div>\n<\/div>\n<\/div>\n<\/div>\n<\/div>\n<\/div>\n<\/div>\n<\/div>\n<\/div>\n<\/div>\n<div class=\"row justify-content-md-center mt-3\">\n<div class=\"col-lg-auto col-image  block-news-main-image d-none d-md-block\">\n<img decoding=\"async\" src=\"https:\/\/www.agrolink.com.br\/upload\/imagens-resizes\/4b09400d67994a27a6623c39c6e9360c_858x483.jpg\" class=\"lazyload \"\/><br \/>\n<span class=\"publicity-photo d-block mt-1\">Foto: USDA<\/span>\n<\/div>\n<\/div>\n<div class=\"section-description section-description-noticias mt-3\">\n<p style=\"text-align:justify\">ORio Grande do Sul semeou at\u00e9 agora 29,97% do arroz da safra 2024\/2025. Foram registrados nesta semana 284.235 hectares dos 948.356 ha previstos pelo Irga para o Estado.<\/p>\n<p style=\"text-align:justify\">A Fronteira Oeste (FO), a regional mais adiantada, est\u00e1 com 155.442 hectares semeados (55,21% dos 281.542 ha estimados). A Plan\u00edcie Costeira Interna \u00e9 a segunda mais avan\u00e7ada, com 46.383 ha (32,25% dos 143.825 ha projetados).<\/p>\n<p style=\"text-align:justify\">O gerente da Extens\u00e3o Rural (Dater) do Irga, Luiz Fernando Siqueira, destaca o avan\u00e7o na FO, que j\u00e1 ultrapassou os 50%. \u201cAlguns munic\u00edpios j\u00e1 est\u00e3o bem adiantados na Fronteira Oeste. As demais regi\u00f5es tamb\u00e9m avan\u00e7aram em rela\u00e7\u00e3o ao \u00faltimo levantamento, mas o grande destaque continua sendo a FO. Nas pr\u00f3ximas semanas, pela previs\u00e3o do clima, possivelmente tenhamos mais janelas, possibilitando que no m\u00eas de outubro o Estado inteiro atinja um percentual bem satisfat\u00f3rio da semeadura\u201d, acrescenta.\n<\/p>\n<p style=\"text-align:justify\">O levantamento da semeadura de arroz no RS \u00e9 coordenado pela Dater, a partir de informa\u00e7\u00f5es fornecidas pelos produtores para os n\u00facleos da autarquia localizados no interior do Estado.<\/p>\n<\/div>\n<\/div>\n<p><script data-cfasync=\"false\">\n    !function (f, b, e, v, n, t, s) {\n        if (f.fbq) return; n = f.fbq = function () {\n            n.callMethod ?\n                n.callMethod.apply(n, arguments) : n.queue.push(arguments)\n        };\n        if (!f._fbq) f._fbq = n; n.push = n; n.loaded = !0; n.version = '2.0';\n        n.queue = []; t = b.createElement(e); t.async = !0;\n        t.src = v; s = b.getElementsByTagName(e)[0];\n        s.parentNode.insertBefore(t, s)\n    }(window, document, 'script',\n        'https:\/\/connect.facebook.net\/en_US\/fbevents.js');\n    fbq('init', '522546078623747');\n    fbq('track', 'PageView');\n<\/script><br \/>\n<br \/><br \/>\n<br \/><a href=\"https:\/\/www.agrolink.com.br\/noticias\/produtores-semearam-30--do-arroz-no-rs--diz-irga_495950.html\">Source link <\/a><\/p>\n","protected":false},"excerpt":{"rendered":"<p>A Fronteira Oeste (FO), a regional mais adiantada Irga Publicado em 17\/10\/2024 \u00e0s 17:10h. Estimado usu\u00e1rio.Preencha o formul\u00e1rio abaixo para<\/p>\n","protected":false},"author":1,"featured_media":3538,"comment_status":"open","ping_status":"open","sticky":false,"template":"","format":"standard","meta":{"_monsterinsights_skip_tracking":false,"_monsterinsights_sitenote_active":false,"_monsterinsights_sitenote_note":"","_monsterinsights_sitenote_category":0,"_uf_show_specific_survey":0,"_uf_disable_surveys":false,"footnotes":""},"categories":[8,1,14],"tags":[],"class_list":["post-3537","post","type-post","status-publish","format-standard","has-post-thumbnail","hentry","category-agro","category-news","category-politica-agro"],"_links":{"self":[{"href":"https:\/\/agromt.news\/index.php?rest_route=\/wp\/v2\/posts\/3537"}],"collection":[{"href":"https:\/\/agromt.news\/index.php?rest_route=\/wp\/v2\/posts"}],"about":[{"href":"https:\/\/agromt.news\/index.php?rest_route=\/wp\/v2\/types\/post"}],"author":[{"embeddable":true,"href":"https:\/\/agromt.news\/index.php?rest_route=\/wp\/v2\/users\/1"}],"replies":[{"embeddable":true,"href":"https:\/\/agromt.news\/index.php?rest_route=%2Fwp%2Fv2%2Fcomments&post=3537"}],"version-history":[{"count":0,"href":"https:\/\/agromt.news\/index.php?rest_route=\/wp\/v2\/posts\/3537\/revisions"}],"wp:featuredmedia":[{"embeddable":true,"href":"https:\/\/agromt.news\/index.php?rest_route=\/wp\/v2\/media\/3538"}],"wp:attachment":[{"href":"https:\/\/agromt.news\/index.php?rest_route=%2Fwp%2Fv2%2Fmedia&parent=3537"}],"wp:term":[{"taxonomy":"category","embeddable":true,"href":"https:\/\/agromt.news\/index.php?rest_route=%2Fwp%2Fv2%2Fcategories&post=3537"},{"taxonomy":"post_tag","embeddable":true,"href":"https:\/\/agromt.news\/index.php?rest_route=%2Fwp%2Fv2%2Ftags&post=3537"}],"curies":[{"name":"wp","href":"https:\/\/api.w.org\/{rel}","templated":true}]}}