{"id":3535,"date":"2024-10-17T21:40:01","date_gmt":"2024-10-18T01:40:01","guid":{"rendered":"https:\/\/agromt.news\/?p=3535"},"modified":"2024-10-17T21:40:01","modified_gmt":"2024-10-18T01:40:01","slug":"hf-brasil-cepea-balanca-comercial-de-frutas-e-hortalicas-esta-negativa-mas","status":"publish","type":"post","link":"https:\/\/agromt.news\/?p=3535","title":{"rendered":"HF Brasil\/Cepea: Balan\u00e7a comercial de frutas e hortali\u00e7as est\u00e1 negativa, mas&#8230;"},"content":{"rendered":"<p> <br \/>\n<\/p>\n<div>\n<p>A balan\u00e7a comercial brasileira de frutas e hortali\u00e7as frescas de 2024 est\u00e1 negativa na parcial de 2024 (at\u00e9 agosto), resultado bastante at\u00edpico, conforme avalia\u00e7\u00e3o da equipe da <a href=\"https:\/\/www.hfbrasil.org.br\/br\/revista.aspx\" rel=\"nofollow noreferrer noopener\" target=\"_blank\">revista Hortifruti Brasil<\/a>, publica\u00e7\u00e3o do Cepea (Centro de Estudos Avan\u00e7ados em Economia Aplicada), da Esalq\/USP.<\/p>\n<p>Para as frutas, dados do Comex Stat compilados e avaliados pela equipe do Cepea mostram que as exporta\u00e7\u00f5es deste ano de boa parte delas apresentam bom desempenho, mas as importa\u00e7\u00f5es est\u00e3o ainda mais intensas \u2013 mesmo diante do d\u00f3lar valorizado frente ao Real \u2013, contexto que vem resultando em um d\u00e9ficit significativo. Esse cen\u00e1rio \u00e9 distinto, tendo em vista que, quando analisada a s\u00e9rie hist\u00f3rica do Comex Stat, iniciada em 1997, foram poucos os anos em que a balan\u00e7a comercial foi negativa \u2013 houve d\u00e9ficit apenas em 1997, 1998 e 2014 (considerando-se o c\u00f3digo SH08, que inclui frutas, cascas de frutos c\u00edtricos e de mel\u00f5es).<\/p>\n<p>Segundo a equipe da revista Hortifruti Brasil, o impulso \u00e0s importa\u00e7\u00f5es vem das grandes aquisi\u00e7\u00f5es externas de frutas que n\u00e3o s\u00e3o muito produzidas no Brasil, como pera, kiwi e frutas de caro\u00e7o (ameixa, p\u00eassego e nectarina), mas tamb\u00e9m das compras de algumas que j\u00e1 s\u00e3o fortemente produzidas por aqui, como ma\u00e7\u00e3, uvas e laranja. Nestes casos, as importa\u00e7\u00f5es aconteceram como forma de complementar a reduzida produ\u00e7\u00e3o dom\u00e9stica.<\/p>\n<p>Quanto \u00e0s hortali\u00e7as, segundo o Comex Stat (considerando-se o c\u00f3digo SH07, que inclui produtos hort\u00edcolas, plantas, ra\u00edzes e tub\u00e9rculos, comest\u00edveis), a balan\u00e7a continua deficit\u00e1ria, j\u00e1 que o Brasil \u00e9 \u201cimportador l\u00edquido\u201d desses produtos, ou seja, o Pa\u00eds comumente compra mais fora do que exporta.<\/p>\n<p>O CEN\u00c1RIO PODE MUDAR \u2013 Considerando-se o desempenho da parcial deste ano (de janeiro a agosto) e uma m\u00e9dia dos resultados dos \u00faltimos cinco anos para os meses restantes (setembro a dezembro), espera-se que a balan\u00e7a comercial de frutas frescas feche 2024 positiva, sustentada pelas boas perspectivas com as exporta\u00e7\u00f5es de manga, mel\u00e3o, melancia e lima \u00e1cida tahiti. Ainda assim, o poss\u00edvel super\u00e1vit de 2024 deve ser baixo. Os gastos com as importa\u00e7\u00f5es est\u00e3o aumentando de forma expressiva, e os volumes adquiridos devem seguir intensos at\u00e9 o fim do ano.<\/p>\n<p>\u00a0<\/p>\n<p><a href=\"https:\/\/www.hfbrasil.org.br\/br\/revista.aspx\" rel=\"nofollow noreferrer noopener\" target=\"_blank\"><strong>Voc\u00ea tamb\u00e9m encontra nesta edi\u00e7\u00e3o:<\/strong><\/a><\/p>\n<p>ALFACE \u2013 Clima desafia planejamento de produtores; consumo est\u00e1 limitado<\/p>\n<p>BATATA \u2013 Calor acelera colheita em setembro<\/p>\n<p>CEBOLA \u2013 Produtividade em alta mant\u00e9m pre\u00e7o em queda<\/p>\n<p>TOMATE \u2013 Pre\u00e7os reagem, mas seguem em baixos patamares<\/p>\n<p>CENOURA \u2013 Custos seguem acima dos pre\u00e7os em setembro<\/p>\n<p>CITROS \u2013 Pre\u00e7o da pera in natura renova recorde<\/p>\n<p>MELANCIA \u2013 Oferta elevada impede aumento de pre\u00e7os em setembro<\/p>\n<p>MEL\u00c3O \u2013 Oferta intensa restrita eleva pre\u00e7os<\/p>\n<p>UVA \u2013 Colheita aumenta no Vale, mas em menor propor\u00e7\u00e3o que em anos anteriores<\/p>\n<p>MANGA \u2013 Alta oferta de tommy pressiona cota\u00e7\u00f5es em setembro<\/p>\n<p>MA\u00c7\u00c3 \u2013 Fruta importada tem boa qualidade e pre\u00e7o atrativo; importa\u00e7\u00f5es crescem<\/p>\n<p>BANANA \u2013 Apesar da queda em setembro, valor da prata avan\u00e7a em um ano<\/p>\n<p>MAM\u00c3O \u2013 Volume colhido de hava\u00ed aumenta, e pre\u00e7os caem<\/p>\n<\/div>\n<p><script async defer src=\"https:\/\/connect.facebook.net\/en_US\/sdk.js\" type=\"70ff4c66780a41d9da9d597a-text\/javascript\"><\/script><script type=\"70ff4c66780a41d9da9d597a-text\/javascript\">\n  !function(f,b,e,v,n,t,s)\n  {if(f.fbq)return;n=f.fbq=function(){n.callMethod?\n    n.callMethod.apply(n,arguments):n.queue.push(arguments)};\n    if(!f._fbq)f._fbq=n;n.push=n;n.loaded=!0;n.version='2.0';\n    n.queue=[];t=b.createElement(e);t.async=!0;\n    t.src=v;s=b.getElementsByTagName(e)[0];\n    s.parentNode.insertBefore(t,s)}(window, document,'script',\n    'https:\/\/connect.facebook.net\/en_US\/fbevents.js');\n  fbq('init', '153495679422335');\n  fbq('track', 'PageView');\n<\/script><br \/>\n<br \/><br \/>\n<br \/><a href=\"https:\/\/www.noticiasagricolas.com.br\/noticias\/hortifruti\/386429-hf-brasil-cepea-balanca-comercial-de-frutas-e-hortalicas-esta-negativa-mas-pode-fechar-positiva-em-2024.html\">Source link <\/a><\/p>\n","protected":false},"excerpt":{"rendered":"<p>A balan\u00e7a comercial brasileira de frutas e hortali\u00e7as frescas de 2024 est\u00e1 negativa na parcial de 2024 (at\u00e9 agosto), resultado<\/p>\n","protected":false},"author":1,"featured_media":3536,"comment_status":"open","ping_status":"open","sticky":false,"template":"","format":"standard","meta":{"_monsterinsights_skip_tracking":false,"_monsterinsights_sitenote_active":false,"_monsterinsights_sitenote_note":"","_monsterinsights_sitenote_category":0,"_uf_show_specific_survey":0,"_uf_disable_surveys":false,"footnotes":""},"categories":[8,1,14,16],"tags":[],"class_list":["post-3535","post","type-post","status-publish","format-standard","has-post-thumbnail","hentry","category-agro","category-news","category-politica-agro","category-safra"],"_links":{"self":[{"href":"https:\/\/agromt.news\/index.php?rest_route=\/wp\/v2\/posts\/3535"}],"collection":[{"href":"https:\/\/agromt.news\/index.php?rest_route=\/wp\/v2\/posts"}],"about":[{"href":"https:\/\/agromt.news\/index.php?rest_route=\/wp\/v2\/types\/post"}],"author":[{"embeddable":true,"href":"https:\/\/agromt.news\/index.php?rest_route=\/wp\/v2\/users\/1"}],"replies":[{"embeddable":true,"href":"https:\/\/agromt.news\/index.php?rest_route=%2Fwp%2Fv2%2Fcomments&post=3535"}],"version-history":[{"count":0,"href":"https:\/\/agromt.news\/index.php?rest_route=\/wp\/v2\/posts\/3535\/revisions"}],"wp:featuredmedia":[{"embeddable":true,"href":"https:\/\/agromt.news\/index.php?rest_route=\/wp\/v2\/media\/3536"}],"wp:attachment":[{"href":"https:\/\/agromt.news\/index.php?rest_route=%2Fwp%2Fv2%2Fmedia&parent=3535"}],"wp:term":[{"taxonomy":"category","embeddable":true,"href":"https:\/\/agromt.news\/index.php?rest_route=%2Fwp%2Fv2%2Fcategories&post=3535"},{"taxonomy":"post_tag","embeddable":true,"href":"https:\/\/agromt.news\/index.php?rest_route=%2Fwp%2Fv2%2Ftags&post=3535"}],"curies":[{"name":"wp","href":"https:\/\/api.w.org\/{rel}","templated":true}]}}