{"id":3533,"date":"2024-10-17T21:33:42","date_gmt":"2024-10-18T01:33:42","guid":{"rendered":"https:\/\/agromt.news\/?p=3533"},"modified":"2024-10-17T21:33:42","modified_gmt":"2024-10-18T01:33:42","slug":"reduzir-emissao-de-carbono-pode-render-descontos-na-apolice-de-seguro-rural","status":"publish","type":"post","link":"https:\/\/agromt.news\/?p=3533","title":{"rendered":"Reduzir emiss\u00e3o de carbono pode render descontos na ap\u00f3lice de seguro rural"},"content":{"rendered":"<p> <br \/>\n<\/p>\n<div>\n<p>Por meio de um Acordo de Coopera\u00e7\u00e3o T\u00e9cnica (ACT) firmado entre o Minist\u00e9rio da Agricultura e Pecu\u00e1ria <strong><a href=\"https:\/\/www.canalrural.com.br\/tag\/mapa\/\">(Mapa)<\/a><\/strong>, o Conselho Nacional do Caf\u00e9 (CNC) e a ONG ProNatura Internacional, come\u00e7a a ser desenvolvido o projeto Cafeicultura Brasileira Sustent\u00e1vel \u2013 Sistema de Compensa\u00e7\u00e3o de Cr\u00e9dito de Carbono na Ap\u00f3lice de Seguro Rural no Brasil.<\/p>\n<p>A proposta tem como objetivo promover pr\u00e1ticas agr\u00edcolas sustent\u00e1veis na produ\u00e7\u00e3o de caf\u00e9 no Brasil, bem como integrar o sistema de compensa\u00e7\u00e3o de cr\u00e9dito de carbono na ap\u00f3lice de seguro rural como incentivo para que os produtores possam alcan\u00e7ar benef\u00edcios socioecon\u00f4micos e ambientais.<\/p>\n<h2 class=\"wp-block-heading\" id=\"h-execucao-do-projeto\">Execu\u00e7\u00e3o do projeto<\/h2>\n<p>Nesta quinta-feira (17) foi dado o primeiro passo para a execu\u00e7\u00e3o do projeto. Ap\u00f3s an\u00e1lise e visitas <em>in loco<\/em>, a Cooperativa dos Cafeicultores da Zona de Tr\u00eas Pontas (Cocatrel), de Minas Gerais, foi selecionada como piloto da proposta. <\/p>\n<p>Conforme previsto, a partir da ado\u00e7\u00e3o de pr\u00e1ticas sustent\u00e1veis que reduzam a emiss\u00e3o de carbono na atmosfera, conforme m\u00e9tricas a serem estabelecidas, produtores cooperados da Cocatrel poder\u00e3o utilizar seus cr\u00e9ditos de carbono para bonifica\u00e7\u00e3o na ap\u00f3lice do seguro rural. A opera\u00e7\u00e3o ser\u00e1 feita junto a institui\u00e7\u00f5es financeiras internacionais.<\/p>\n<p>A escolha da cooperativa foi feita ap\u00f3s an\u00e1lise do perfil dos produtores. Atualmente, a Cocatrel conta com cerca de 8,5 mil cooperados, sendo que, aproximadamente 80% deles atuam em propriedades com \u00e1rea entre 5 e 12 hectares.<\/p>\n<h2 class=\"wp-block-heading\" id=\"h-como-aderir\">Como aderir<\/h2>\n<figure class=\"wp-block-image size-full\"><img fetchpriority=\"high\" decoding=\"async\" width=\"1001\" height=\"661\" alt=\"caf\u00e9, selo de origem, chapada diamantina, bahia\" class=\"wp-image-4071944\"  data-lazy- src=\"https:\/\/agromt.news\/wp-content\/uploads\/2024\/10\/Cafe-da-Chapada-agora-tem-selo-de-origem.-Foto-divulgacao-Seagri.jpg\"\/><img decoding=\"async\" width=\"1001\" height=\"661\" src=\"https:\/\/agromt.news\/wp-content\/uploads\/2024\/10\/Cafe-da-Chapada-agora-tem-selo-de-origem.-Foto-divulgacao-Seagri.jpg\" alt=\"caf\u00e9, selo de origem, chapada diamantina, bahia\" class=\"wp-image-4071944\"  \/><figcaption class=\"wp-element-caption\">Foto: Divulga\u00e7\u00e3o\/Seagri<\/figcaption><\/figure>\n<p>Produtores cooperados interessados em aderir ao projeto dever\u00e3o aplicar as pr\u00e1ticas estabelecidas pelas institui\u00e7\u00f5es parceiras. <\/p>\n<p>Trata-se de atividades que j\u00e1 s\u00e3o realizadas pelos cafeicultores, como a aduba\u00e7\u00e3o verde, utilizando plantas de cobertura que evitam a eros\u00e3o do solo, possibilitam maior reserva de \u00e1gua e da biodiversidade, amplia\u00e7\u00e3o do uso de compostos org\u00e2nicos, entre outros. <\/p>\n<\/div>\n<div>\n<p>A partir da metodologia de aferi\u00e7\u00e3o definida, os cr\u00e9ditos de carbono poder\u00e3o ser utilizados para compensa\u00e7\u00e3o do valor da ap\u00f3lice do seguro rural. Al\u00e9m do benef\u00edcio para que pequenos e m\u00e9dios produtores possam ter acesso ao Seguro Rural, a medida ainda agrega valor ao produto oferecido.<\/p>\n<p>O Brasil \u00e9 o maior produtor e exportador de caf\u00e9 do mundo \u2013 respons\u00e1vel por cerca de 38% da produ\u00e7\u00e3o global \u2013 e tem a Uni\u00e3o Europeia, um dos mercados consumidores mais exigentes, como seu principal destino.<\/p>\n<p>Para esta primeira etapa do projeto Cafeicultura Brasileira Sustent\u00e1vel, a expectativa \u00e9 abranger uma \u00e1rea de 60 mil hectares. A Cocatrel atende 125 munic\u00edpios.<\/p>\n<h2 class=\"wp-block-heading\" id=\"h-objetivos-do-projeto-de-reducao-de-carbono\">Objetivos do projeto de redu\u00e7\u00e3o de carbono <\/h2>\n<p>O projeto prop\u00f5e o incentivo a pr\u00e1ticas agr\u00edcolas sustent\u00e1veis, encorajando as seguintes a\u00e7\u00f5es:<\/p>\n<ul class=\"wp-block-list\">\n<li>Ado\u00e7\u00e3o de t\u00e9cnicas de cultivo que minimizem o impacto ambiental e promovam a preserva\u00e7\u00e3o de recursos naturais; <\/li>\n<\/ul>\n<ul class=\"wp-block-list\">\n<li>Compensa\u00e7\u00e3o financeira de cr\u00e9ditos de carbono por meio de um sistema de gera\u00e7\u00e3o e comercializa\u00e7\u00e3o dos cr\u00e9ditos para os produtores que adotarem pr\u00e1ticas sustent\u00e1veis; <\/li>\n<\/ul>\n<ul class=\"wp-block-list\">\n<li>Redu\u00e7\u00e3o das emiss\u00f5es de carbono na produ\u00e7\u00e3o de caf\u00e9, implementando a\u00e7\u00f5es para diminuir as emiss\u00f5es de gases de efeito estufa ao longo do processo produtivo do caf\u00e9;<\/li>\n<\/ul>\n<ul class=\"wp-block-list\">\n<li>Apoio \u00e0 seguran\u00e7a e estabilidade no setor agr\u00edcola, garantindo a prote\u00e7\u00e3o e a viabilidade financeira dos produtores de caf\u00e9 por meio da integra\u00e7\u00e3o dos cr\u00e9ditos de carbono \u00e0 ap\u00f3lice do seguro rural.<\/li>\n<\/ul>\n<\/div>\n<p><br \/>\n<br \/><a href=\"https:\/\/www.canalrural.com.br\/sustentabilidade\/reduzir-emissao-de-carbono-pode-render-descontos-na-apolice-de-seguro-rural\/\">Source link <\/a><\/p>\n","protected":false},"excerpt":{"rendered":"<p>Por meio de um Acordo de Coopera\u00e7\u00e3o T\u00e9cnica (ACT) firmado entre o Minist\u00e9rio da Agricultura e Pecu\u00e1ria (Mapa), o Conselho<\/p>\n","protected":false},"author":1,"featured_media":3534,"comment_status":"open","ping_status":"open","sticky":false,"template":"","format":"standard","meta":{"_monsterinsights_skip_tracking":false,"_monsterinsights_sitenote_active":false,"_monsterinsights_sitenote_note":"","_monsterinsights_sitenote_category":0,"_uf_show_specific_survey":0,"_uf_disable_surveys":false,"footnotes":""},"categories":[1],"tags":[],"class_list":["post-3533","post","type-post","status-publish","format-standard","has-post-thumbnail","hentry","category-news"],"_links":{"self":[{"href":"https:\/\/agromt.news\/index.php?rest_route=\/wp\/v2\/posts\/3533"}],"collection":[{"href":"https:\/\/agromt.news\/index.php?rest_route=\/wp\/v2\/posts"}],"about":[{"href":"https:\/\/agromt.news\/index.php?rest_route=\/wp\/v2\/types\/post"}],"author":[{"embeddable":true,"href":"https:\/\/agromt.news\/index.php?rest_route=\/wp\/v2\/users\/1"}],"replies":[{"embeddable":true,"href":"https:\/\/agromt.news\/index.php?rest_route=%2Fwp%2Fv2%2Fcomments&post=3533"}],"version-history":[{"count":0,"href":"https:\/\/agromt.news\/index.php?rest_route=\/wp\/v2\/posts\/3533\/revisions"}],"wp:featuredmedia":[{"embeddable":true,"href":"https:\/\/agromt.news\/index.php?rest_route=\/wp\/v2\/media\/3534"}],"wp:attachment":[{"href":"https:\/\/agromt.news\/index.php?rest_route=%2Fwp%2Fv2%2Fmedia&parent=3533"}],"wp:term":[{"taxonomy":"category","embeddable":true,"href":"https:\/\/agromt.news\/index.php?rest_route=%2Fwp%2Fv2%2Fcategories&post=3533"},{"taxonomy":"post_tag","embeddable":true,"href":"https:\/\/agromt.news\/index.php?rest_route=%2Fwp%2Fv2%2Ftags&post=3533"}],"curies":[{"name":"wp","href":"https:\/\/api.w.org\/{rel}","templated":true}]}}