{"id":3528,"date":"2024-10-17T20:49:21","date_gmt":"2024-10-18T00:49:21","guid":{"rendered":"https:\/\/agromt.news\/?p=3528"},"modified":"2024-10-17T20:49:21","modified_gmt":"2024-10-18T00:49:21","slug":"apesar-de-desafios-bahia-inicia-nova-safra-de-graos-com-projecao-de-crescimento","status":"publish","type":"post","link":"https:\/\/agromt.news\/?p=3528","title":{"rendered":"Apesar de desafios, Bahia inicia nova safra de gr\u00e3os com proje\u00e7\u00e3o de crescimento"},"content":{"rendered":"<p> <br \/>\n<br \/><img decoding=\"async\" src=\"https:\/\/agromt.news\/wp-content\/uploads\/2024\/10\/Apesar-de-desafios-Bahia-inicia-nova-safra-de-graos-com.jpg\" \/><\/p>\n<div>\n<p>As \u00e1reas produtivas da Bahia para a<strong> safra 2024\/25<\/strong> j\u00e1 tiveram in\u00edcio do plantio da soja em car\u00e1ter de excepcionalidade e apesar dos desafios, a safra de gr\u00e3os no estado t\u00eam proje\u00e7\u00f5es de crescimento. A soja, a principal cultura baiana, deve ocupar uma \u00e1rea de <strong>2,129 milh\u00f5es hectares<\/strong>, <strong>7,5% maior<\/strong> que a safra 2023\/24.<\/p>\n<p>Al\u00e9m disso, a produ\u00e7\u00e3o estimada da oleaginosa \u00e9 de <strong>8,558 milh\u00f5es de toneladas<\/strong> e produtividade m\u00e9dia de <strong>67 sc\/ha<\/strong>.<\/p>\n<p>O n\u00famero \u00e9 um pouco acima do ciclo anterior que foi de 63 sc\/ha. De acordo com o \u00faltimo boletim de safra divulgado nesta semana pela Associa\u00e7\u00e3o de Agricultores e Irrigantes da Bahia (Aiba), os destaques para no Oeste baiano s\u00e3o a expans\u00e3o das \u00e1reas cultivadas de soja, algod\u00e3o e sorgo.<\/p>\n<p>Entre os dias 25\/09\/2024 e 07\/10\/2024 os produtores que tiveram autoriza\u00e7\u00e3o concedida pela Ag\u00eancia de Defesa Agropecu\u00e1ria da Bahia (Adab), atrav\u00e9s da Portaria de N\u00ba 056 de 31 de maio de 2024, puderam dar in\u00edcio \u00e0 abertura da nova safra de gr\u00e3os, no Oeste da Bahia. <\/p>\n<h2 class=\"wp-block-heading\" id=\"h-incremento-de-area\">Incremento de \u00e1rea<\/h2>\n<p>Para essa safra, houve um incremento de \u00e1rea semeada de soja durante o per\u00edodo de antecipa\u00e7\u00e3o de plantio de <strong>113.734 hectares<\/strong>, o que corresponde a um <strong>incremento de 87% de \u00e1rea<\/strong>, quando comparado com a safra anterior.<\/p>\n<p>Ainda de acordo com o relat\u00f3rio da Aiba, at\u00e9 o momento, aproximadamente <strong>134 mil ha foram plantados<\/strong>, o que representa <strong>6,3% da \u00e1rea total estimada<\/strong>. <\/p>\n<p>Al\u00e9m disso, o ritmo de semeadura est\u00e1 avan\u00e7ado em compara\u00e7\u00e3o \u00e0 safra passada, beneficiado pela amplia\u00e7\u00e3o da janela de cultivo da safra 2024\/25 no estado. <\/p>\n<p>No entanto, apesar dos cen\u00e1rios otimistas, a Aiba destaca que as altas temperaturas influenciaram a decis\u00e3o de alguns produtores em n\u00e3o semear toda a \u00e1rea irrigada. <\/p>\n<\/div>\n<div>\n<p>Contudo, as previs\u00f5es, indicam que a regi\u00e3o deve receber chuvas em volumes consider\u00e1veis nos pr\u00f3ximos dias, o que pode incentivar os produtores a intensificar a semeadura.<\/p>\n<h2 class=\"wp-block-heading\" id=\"h-outros-graos\">Outros gr\u00e3os<\/h2>\n<p>O boletim informa ainda que o algod\u00e3o tamb\u00e9m deve apresentar um crescimento significativo.<\/p>\n<p>A \u00e1rea estimada \u00e9 de 380 mil hectares, correspondendo a um aumento de 10% em rela\u00e7\u00e3o \u00e0 safra anterior. <\/p>\n<p>Por outro lado, o milho deve registrar uma redu\u00e7\u00e3o de 8,9% em \u00e1rea cultivada, atingindo 123 mil hectares. Essa queda \u00e9 atribu\u00edda \u00e0 desvaloriza\u00e7\u00e3o do pre\u00e7o do milho no mercado, desestimulando os produtores. <\/p>\n<p>O que cresce \u00e9 o sorgo. A expectativa \u00e9 que a cultura apresente uma amplia\u00e7\u00e3o de 6,7%, com \u00e1rea estimada em 160 mil ha.<\/p>\n<hr class=\"wp-block-separator has-alpha-channel-opacity\"\/>\n<p><em>Siga o\u00a0<a href=\"https:\/\/www.instagram.com\/canalruralbahia\/\">Canal Rural Bahia no Instagram<\/a>! Voc\u00ea tamb\u00e9m pode participar deixando uma sugest\u00e3o de pauta. Clique\u00a0<a href=\"https:\/\/wa.me\/5577999455066\"><strong>aqui<\/strong><\/a>\u00a0e envie uma mensagem para o nosso WhatsApp<\/em>!<\/p>\n<\/div>\n<p><script async src=\"\/\/www.instagram.com\/embed.js\"><\/script><br \/>\n<br \/><br \/>\n<br \/><a href=\"https:\/\/www.canalrural.com.br\/nacional\/bahia\/apesar-de-desafios-bahia-inicia-nova-safra-de-graos-com-projecao-de-crescimento\/\">Source link <\/a><\/p>\n","protected":false},"excerpt":{"rendered":"<p>As \u00e1reas produtivas da Bahia para a safra 2024\/25 j\u00e1 tiveram in\u00edcio do plantio da soja em car\u00e1ter de excepcionalidade<\/p>\n","protected":false},"author":1,"featured_media":3529,"comment_status":"open","ping_status":"open","sticky":false,"template":"","format":"standard","meta":{"_monsterinsights_skip_tracking":false,"_monsterinsights_sitenote_active":false,"_monsterinsights_sitenote_note":"","_monsterinsights_sitenote_category":0,"_uf_show_specific_survey":0,"_uf_disable_surveys":false,"footnotes":""},"categories":[1],"tags":[],"class_list":["post-3528","post","type-post","status-publish","format-standard","has-post-thumbnail","hentry","category-news"],"_links":{"self":[{"href":"https:\/\/agromt.news\/index.php?rest_route=\/wp\/v2\/posts\/3528"}],"collection":[{"href":"https:\/\/agromt.news\/index.php?rest_route=\/wp\/v2\/posts"}],"about":[{"href":"https:\/\/agromt.news\/index.php?rest_route=\/wp\/v2\/types\/post"}],"author":[{"embeddable":true,"href":"https:\/\/agromt.news\/index.php?rest_route=\/wp\/v2\/users\/1"}],"replies":[{"embeddable":true,"href":"https:\/\/agromt.news\/index.php?rest_route=%2Fwp%2Fv2%2Fcomments&post=3528"}],"version-history":[{"count":0,"href":"https:\/\/agromt.news\/index.php?rest_route=\/wp\/v2\/posts\/3528\/revisions"}],"wp:featuredmedia":[{"embeddable":true,"href":"https:\/\/agromt.news\/index.php?rest_route=\/wp\/v2\/media\/3529"}],"wp:attachment":[{"href":"https:\/\/agromt.news\/index.php?rest_route=%2Fwp%2Fv2%2Fmedia&parent=3528"}],"wp:term":[{"taxonomy":"category","embeddable":true,"href":"https:\/\/agromt.news\/index.php?rest_route=%2Fwp%2Fv2%2Fcategories&post=3528"},{"taxonomy":"post_tag","embeddable":true,"href":"https:\/\/agromt.news\/index.php?rest_route=%2Fwp%2Fv2%2Ftags&post=3528"}],"curies":[{"name":"wp","href":"https:\/\/api.w.org\/{rel}","templated":true}]}}