{"id":3525,"date":"2024-10-17T20:17:15","date_gmt":"2024-10-18T00:17:15","guid":{"rendered":"https:\/\/agromt.news\/?p=3525"},"modified":"2024-10-17T20:17:15","modified_gmt":"2024-10-18T00:17:15","slug":"consultor-compartilha-perspectivas-e-projecoes","status":"publish","type":"post","link":"https:\/\/agromt.news\/?p=3525","title":{"rendered":"consultor compartilha perspectivas e proje\u00e7\u00f5es"},"content":{"rendered":"<p> <br \/>\n<br \/><img decoding=\"async\" src=\"https:\/\/agromt.news\/wp-content\/uploads\/2024\/10\/consultor-compartilha-perspectivas-e-projecoes.png\" \/><\/p>\n<div>\n<p>A previs\u00e3o de chuvas em regi\u00f5es importantes para a produ\u00e7\u00e3o de <a href=\"https:\/\/www.canalrural.com.br\/agricultura\/projeto-soja-brasil\/\">soja <\/a>no Brasil gera expectativas positivas no mercado do gr\u00e3o, embora os neg\u00f3cios apresentem baixa liquidez, conforme an\u00e1lise divulgada pelo Centro de Estudos Avan\u00e7ados em Economia Aplicada (<a href=\"https:\/\/www.cepea.esalq.usp.br\/br\">Cepea<\/a>). Para entender melhor as movimenta\u00e7\u00f5es de mercado, Carlos Cogo, consultor em agroneg\u00f3cios, compartilha suas perspectivas.<\/p>\n<p>Cogo destaca que o primeiro levantamento da <a href=\"https:\/\/www.conab.gov.br\/\">Conab <\/a>para a safra 2024 prev\u00ea uma produ\u00e7\u00e3o recorde de 166 milh\u00f5es de toneladas de soja. \u201cEsse n\u00famero est\u00e1 alinhado com os 169 milh\u00f5es do SDA e as estimativas das consultorias privadas, que variam entre 167 e 170 milh\u00f5es. Nossa previs\u00e3o \u00e9 de 168 milh\u00f5es de toneladas, com um aumento de 2,4% na \u00e1rea plantada, um pouco menor que nos \u00faltimos anos, mas com expectativa de melhora nas chuvas.\u201d<\/p>\n<p class=\"has-text-align-center\"><em>Confira na palma da m\u00e3o informa\u00e7\u00f5es quentes sobre agricultura, pecu\u00e1ria, economia e previs\u00e3o do tempo:<\/em><a href=\"https:\/\/www.whatsapp.com\/channel\/0029Va9VnZxGk1FplZjiW43k\"><em>\u00a0<\/em><strong>siga o Canal Rural no WhatsApp<\/strong><\/a>!<\/p>\n<h2 class=\"wp-block-heading\" id=\"h-estoques-e-precos\">Estoques e pre\u00e7os <\/h2>\n<p>Cogo menciona a rela\u00e7\u00e3o entre o estoque final de soja projetado para setembro de 2025 e o consumo global. Ele afirma que \u201cessa rela\u00e7\u00e3o chega a um n\u00edvel recorde de 33,4% de estoques em rela\u00e7\u00e3o \u00e0 demanda projetada, o maior n\u00edvel relativo da hist\u00f3ria. Quando os estoques est\u00e3o baixos, os pre\u00e7os sobem; quando crescem, os pre\u00e7os recuam, o que indica um vi\u00e9s baixista para os pre\u00e7os da soja no longo prazo\u201d.<\/p>\n<\/div>\n<div>\n<p>Em rela\u00e7\u00e3o aos pre\u00e7os, Cogo observa que todos os contratos futuros da soja operam atualmente abaixo da m\u00e9dia hist\u00f3rica dos \u00faltimos 10 anos. \u201cOs pre\u00e7os futuros j\u00e1 retornaram a patamares entre US$ 10 e US$ 10,50 por bushel, ap\u00f3s a retirada do pr\u00eamio de risco clim\u00e1tico que foi embutido nos contratos em setembro e in\u00edcio de outubro, devido ao atraso no plantio\u201d, afirma.<\/p>\n<h2 class=\"wp-block-heading\" id=\"h-comercializacao-e-vendas-antecipadas\">Comercializa\u00e7\u00e3o e vendas antecipadas <\/h2>\n<p>Recentemente, a comercializa\u00e7\u00e3o da soja em Mato Grosso apresentou um patamar lento, o mais baixo da s\u00e9rie hist\u00f3rica. Cogo acredita que esse cen\u00e1rio pode melhorar, mas observa que os produtores t\u00eam vendido menos antecipadamente devido aos pre\u00e7os baixos. \u201cAtualmente, 22% da soja futura est\u00e1 negociada, o mais baixo n\u00edvel dos \u00faltimos 9 anos, o que implica press\u00e3o baixista nos primeiros meses de 2025\u201d, comenta.<\/p>\n<h2 class=\"wp-block-heading\" id=\"h-produtores\">Produtores<\/h2>\n<p>Quando questionado sobre a melhor estrat\u00e9gia para os produtores, Cogo aconselha: \u201cQuem tem produto da safra 2023\/2024 deve vender agora. O pre\u00e7o atual no mercado spot em novembro \u00e9 de cerca de R$ 128 por saca, e a partir de janeiro, espera-se uma queda significativa. Portanto, \u00e9 sensato n\u00e3o carregar esses estoques para o ano que vem.\u201d Para aqueles que ainda n\u00e3o realizaram vendas antecipadas, ele recomenda faz\u00ea-lo para evitar entrar em um mercado pressionado para baixo no in\u00edcio do pr\u00f3ximo ano.<\/p>\n<figure class=\"wp-block-embed is-type-video is-provider-youtube wp-block-embed-youtube wp-embed-aspect-16-9 wp-has-aspect-ratio\">\n<p>\n<iframe title=\"Mercado de soja: plantio avan\u00e7a no Brasil e futuros retomam vi\u00e9s baixista em Chicago\" width=\"800\" height=\"450\" src=\"https:\/\/www.youtube.com\/embed\/09y_wjD-UEI?feature=oembed\" frameborder=\"0\" allow=\"accelerometer; autoplay; clipboard-write; encrypted-media; gyroscope; picture-in-picture; web-share\" referrerpolicy=\"strict-origin-when-cross-origin\" allowfullscreen><\/iframe><noscript><iframe title=\"Mercado de soja: plantio avan\u00e7a no Brasil e futuros retomam vi\u00e9s baixista em Chicago\" width=\"800\" height=\"450\" src=\"https:\/\/www.youtube.com\/embed\/09y_wjD-UEI?feature=oembed\" frameborder=\"0\" allow=\"accelerometer; autoplay; clipboard-write; encrypted-media; gyroscope; picture-in-picture; web-share\" referrerpolicy=\"strict-origin-when-cross-origin\" allowfullscreen><\/iframe><\/noscript>\n<\/p>\n<\/figure>\n<\/div>\n<p><br \/>\n<br \/><a href=\"https:\/\/www.canalrural.com.br\/agricultura\/projeto-soja-brasil\/mercado-da-soja-no-brasil-consultor-compartilha-perspectivas-e-projecoes\/\">Source link <\/a><\/p>\n","protected":false},"excerpt":{"rendered":"<p>A previs\u00e3o de chuvas em regi\u00f5es importantes para a produ\u00e7\u00e3o de soja no Brasil gera expectativas positivas no mercado do<\/p>\n","protected":false},"author":1,"featured_media":3526,"comment_status":"open","ping_status":"open","sticky":false,"template":"","format":"standard","meta":{"_monsterinsights_skip_tracking":false,"_monsterinsights_sitenote_active":false,"_monsterinsights_sitenote_note":"","_monsterinsights_sitenote_category":0,"_uf_show_specific_survey":0,"_uf_disable_surveys":false,"footnotes":""},"categories":[1],"tags":[],"class_list":["post-3525","post","type-post","status-publish","format-standard","has-post-thumbnail","hentry","category-news"],"_links":{"self":[{"href":"https:\/\/agromt.news\/index.php?rest_route=\/wp\/v2\/posts\/3525"}],"collection":[{"href":"https:\/\/agromt.news\/index.php?rest_route=\/wp\/v2\/posts"}],"about":[{"href":"https:\/\/agromt.news\/index.php?rest_route=\/wp\/v2\/types\/post"}],"author":[{"embeddable":true,"href":"https:\/\/agromt.news\/index.php?rest_route=\/wp\/v2\/users\/1"}],"replies":[{"embeddable":true,"href":"https:\/\/agromt.news\/index.php?rest_route=%2Fwp%2Fv2%2Fcomments&post=3525"}],"version-history":[{"count":0,"href":"https:\/\/agromt.news\/index.php?rest_route=\/wp\/v2\/posts\/3525\/revisions"}],"wp:featuredmedia":[{"embeddable":true,"href":"https:\/\/agromt.news\/index.php?rest_route=\/wp\/v2\/media\/3526"}],"wp:attachment":[{"href":"https:\/\/agromt.news\/index.php?rest_route=%2Fwp%2Fv2%2Fmedia&parent=3525"}],"wp:term":[{"taxonomy":"category","embeddable":true,"href":"https:\/\/agromt.news\/index.php?rest_route=%2Fwp%2Fv2%2Fcategories&post=3525"},{"taxonomy":"post_tag","embeddable":true,"href":"https:\/\/agromt.news\/index.php?rest_route=%2Fwp%2Fv2%2Ftags&post=3525"}],"curies":[{"name":"wp","href":"https:\/\/api.w.org\/{rel}","templated":true}]}}